{"id":50032,"date":"2025-12-06T11:45:23","date_gmt":"2025-12-06T11:45:23","guid":{"rendered":"https:\/\/247stiri.ro\/index.php\/2025\/12\/06\/cea-mai-scurta-zi-din-2025-tot-mai-aproape-cand-are-loc-solstitiul-de-iarna\/"},"modified":"2025-12-06T11:45:23","modified_gmt":"2025-12-06T11:45:23","slug":"cea-mai-scurta-zi-din-2025-tot-mai-aproape-cand-are-loc-solstitiul-de-iarna","status":"publish","type":"post","link":"https:\/\/247stiri.ro\/index.php\/2025\/12\/06\/cea-mai-scurta-zi-din-2025-tot-mai-aproape-cand-are-loc-solstitiul-de-iarna\/","title":{"rendered":"Cea mai scurt\u0103 zi din 2025, tot mai aproape: c\u00e2nd are loc solsti\u021biul de iarn\u0103"},"content":{"rendered":"<p>Din acest punct \u0219i p\u00e2n\u0103 la solsti\u021biul de var\u0103, din 21 iunie, durata zilelor va cre\u0219te treptat, iar nop\u021bile vor deveni din ce \u00een ce mai scurte. De asemenea, solsti\u021biul de iarn\u0103 este privit deseori ca un simbol al re\u00eennoirii.<\/p>\n<p>Cum func\u021bioneaz\u0103 solsti\u021biul de iarn\u0103\u00a0<\/p>\n<p>Iarna astronomic\u0103 \u00eencepe odat\u0103 cu solsti\u021biul de iarn\u0103, de\u0219i meteorologic, iarna debuteaz\u0103 pe 1 decembrie. Adrian \u0218onka, astronom la Observatorul Astronomic \u201eAmiral Vasile Urseanu\u201d din Bucure\u0219ti, explic\u0103 mai detaliat cum func\u021bioneaz\u0103 acest fenomen.\u00a0<\/p>\n<p>\u201eSolsti\u021biul de iarn\u0103 marcheaz\u0103 \u00eenceputul iernii astronomice, momentul \u00een care Soarele atinge cea mai sudic\u0103 pozi\u021bie pe sfera cereasc\u0103, la aproximativ 23\u00b027\u2032 sud fa\u021b\u0103 de ecuator, deasupra cercului de latitudine numit \u201eTropicul Capricornului\u201d. \u00cen aceast\u0103 zi, r\u0103s\u0103ritul \u0219i apusul se deplaseaz\u0103 simetric spre sud fa\u021b\u0103 de punctele cardinale est \u0219i vest, determin\u00e2nd astfel cea mai scurt\u0103 zi \u0219i cea mai lung\u0103 noapte a anului\u201d, a explicat Adrian \u0218onka, astronom la Observatorul Astronomic \u201eAmiral Vasile Urseanu\u201d din Bucure\u0219ti, la un post TV.<\/p>","protected":false},"excerpt":{"rendered":"<p>Din acest punct \u0219i p\u00e2n\u0103 la solsti\u021biul de var\u0103, din 21 iunie, durata zilelor va&hellip;<\/p>\n","protected":false},"author":0,"featured_media":50033,"comment_status":"open","ping_status":"open","sticky":false,"template":"","format":"standard","meta":{"footnotes":""},"categories":[8],"tags":[],"class_list":["post-50032","post","type-post","status-publish","format-standard","has-post-thumbnail","hentry","category-lifestyle"],"_links":{"self":[{"href":"https:\/\/247stiri.ro\/index.php\/wp-json\/wp\/v2\/posts\/50032","targetHints":{"allow":["GET"]}}],"collection":[{"href":"https:\/\/247stiri.ro\/index.php\/wp-json\/wp\/v2\/posts"}],"about":[{"href":"https:\/\/247stiri.ro\/index.php\/wp-json\/wp\/v2\/types\/post"}],"replies":[{"embeddable":true,"href":"https:\/\/247stiri.ro\/index.php\/wp-json\/wp\/v2\/comments?post=50032"}],"version-history":[{"count":0,"href":"https:\/\/247stiri.ro\/index.php\/wp-json\/wp\/v2\/posts\/50032\/revisions"}],"wp:featuredmedia":[{"embeddable":true,"href":"https:\/\/247stiri.ro\/index.php\/wp-json\/wp\/v2\/media\/50033"}],"wp:attachment":[{"href":"https:\/\/247stiri.ro\/index.php\/wp-json\/wp\/v2\/media?parent=50032"}],"wp:term":[{"taxonomy":"category","embeddable":true,"href":"https:\/\/247stiri.ro\/index.php\/wp-json\/wp\/v2\/categories?post=50032"},{"taxonomy":"post_tag","embeddable":true,"href":"https:\/\/247stiri.ro\/index.php\/wp-json\/wp\/v2\/tags?post=50032"}],"curies":[{"name":"wp","href":"https:\/\/api.w.org\/{rel}","templated":true}]}}