{"id":50036,"date":"2025-12-06T11:45:26","date_gmt":"2025-12-06T11:45:26","guid":{"rendered":"https:\/\/247stiri.ro\/index.php\/2025\/12\/06\/macron-face-baie-de-multime-in-china-rezistii-tac-malc\/"},"modified":"2025-12-06T11:45:26","modified_gmt":"2025-12-06T11:45:26","slug":"macron-face-baie-de-multime-in-china-rezistii-tac-malc","status":"publish","type":"post","link":"https:\/\/247stiri.ro\/index.php\/2025\/12\/06\/macron-face-baie-de-multime-in-china-rezistii-tac-malc\/","title":{"rendered":"Macron face baie de mul\u021bime \u00een China, rezi\u0219tii tac m\u00e2lc"},"content":{"rendered":"<p>Au Dujiangyan, merveille bimill\u00e9naire qui apprivoise l\u2019eau et irrigue le Sichuan, nous avons partag\u00e9 un moment fort avec le Pr\u00e9sident Xi Jinping et Madame Peng Liyuan. Comme dans nos Hautes-Pyr\u00e9n\u00e9es que j\u2019ai eu \u00e0 c\u0153ur de leur faire d\u00e9couvrir,\u2026 <a href=\"https:\/\/t.co\/Ns0MiZktqT\">pic.twitter.com\/Ns0MiZktqT<\/a><\/p>\n<p>\u2014 Emmanuel Macron (@EmmanuelMacron) <a href=\"https:\/\/twitter.com\/EmmanuelMacron\/status\/1996856733063426520?ref_src=twsrc%5Etfw\">December 5, 2025<\/a><\/p>\n<p>Imaginile sunt din timpul vizitei oficiale a lui Emmanuel Macron la Beijing. \u00cen cadrul vizitei, liderul de la Elysee a cerut Beijingului s\u0103-\u0219i foloseasc\u0103 influen\u021ba pentru a contribui la \u00eencheierea r\u0103zboiului din Ucraina. De asemenea, Emmanuel Macron a salutat deschiderea Chinei c\u0103tre pia\u021ba produselor agricole franceze.<\/p>\n<p>China a fost un subiect sensibil pentru \u021bara noastr\u0103 de-a lungul timpului. Lunile trecute, Viorica D\u0103ncil\u0103 \u0219i Adrian N\u0103stase, fo\u0219tii premieri ai Rom\u00e2niei, au efectuat o vizit\u0103 privat\u0103 \u00een Beijing. \u00cen urma acesteia, cei doi au fost aspru critica\u021bi de oficialii rom\u00e2ni de ministrul de Externe, Oana \u021aoiu, precum \u0219i fostul ministru al Ap\u0103r\u0103rii, Ionu\u021b Mo\u0219teanu.<\/p>\n<p>&#8222;Politicienii care se simt onora\u021bi s\u0103 se a\u0219eze \u00een fotografie cu Putin nu reprezint\u0103 Rom\u00e2nia, nici obiectivele din acest moment, \u0219i nici obiectivele de viitor. Ne-am ales o alt\u0103 cale al\u0103turi de Europa, de SUA&#8221;, declara Oana \u021aoiu \u00een luna octombrie.&#8221;Este o palm\u0103 dat\u0103 Rom\u00e2niei, democra\u021biei, pro europenismului, o palm\u0103 pe care cei doi (D\u0103ncil\u0103 \u0219i N\u0103stase &#8211; n.r.) o dau alia\u021bilor no\u0219tri de la distan\u021b\u0103. Este o decizie incalificabil\u0103 din partea unor oameni politici care au avut func\u021bii de demnitate public\u0103 \u00een Rom\u00e2nia&#8221;, spunea Ionu\u021b Mo\u0219teanu, fost ministru al Ap\u0103r\u0103rii.<\/p>","protected":false},"excerpt":{"rendered":"<p>Au Dujiangyan, merveille bimill\u00e9naire qui apprivoise l\u2019eau et irrigue le Sichuan, nous avons partag\u00e9 un&hellip;<\/p>\n","protected":false},"author":0,"featured_media":50035,"comment_status":"open","ping_status":"open","sticky":false,"template":"","format":"standard","meta":{"footnotes":""},"categories":[3],"tags":[],"class_list":["post-50036","post","type-post","status-publish","format-standard","has-post-thumbnail","hentry","category-politica"],"_links":{"self":[{"href":"https:\/\/247stiri.ro\/index.php\/wp-json\/wp\/v2\/posts\/50036","targetHints":{"allow":["GET"]}}],"collection":[{"href":"https:\/\/247stiri.ro\/index.php\/wp-json\/wp\/v2\/posts"}],"about":[{"href":"https:\/\/247stiri.ro\/index.php\/wp-json\/wp\/v2\/types\/post"}],"replies":[{"embeddable":true,"href":"https:\/\/247stiri.ro\/index.php\/wp-json\/wp\/v2\/comments?post=50036"}],"version-history":[{"count":0,"href":"https:\/\/247stiri.ro\/index.php\/wp-json\/wp\/v2\/posts\/50036\/revisions"}],"wp:featuredmedia":[{"embeddable":true,"href":"https:\/\/247stiri.ro\/index.php\/wp-json\/wp\/v2\/media\/50035"}],"wp:attachment":[{"href":"https:\/\/247stiri.ro\/index.php\/wp-json\/wp\/v2\/media?parent=50036"}],"wp:term":[{"taxonomy":"category","embeddable":true,"href":"https:\/\/247stiri.ro\/index.php\/wp-json\/wp\/v2\/categories?post=50036"},{"taxonomy":"post_tag","embeddable":true,"href":"https:\/\/247stiri.ro\/index.php\/wp-json\/wp\/v2\/tags?post=50036"}],"curies":[{"name":"wp","href":"https:\/\/api.w.org\/{rel}","templated":true}]}}