{"id":50056,"date":"2025-12-06T13:46:19","date_gmt":"2025-12-06T13:46:19","guid":{"rendered":"https:\/\/247stiri.ro\/index.php\/2025\/12\/06\/sefa-diplomatiei-europene-sua-raman-principalul-aliat-al-europei\/"},"modified":"2025-12-06T13:46:19","modified_gmt":"2025-12-06T13:46:19","slug":"sefa-diplomatiei-europene-sua-raman-principalul-aliat-al-europei","status":"publish","type":"post","link":"https:\/\/247stiri.ro\/index.php\/2025\/12\/06\/sefa-diplomatiei-europene-sua-raman-principalul-aliat-al-europei\/","title":{"rendered":"\u0218efa diploma\u021biei europene: SUA r\u0103m\u00e2n principalul aliat al Europei"},"content":{"rendered":"<p>\u201eDesigur, exist\u0103 multe critici, dar cred c\u0103 unele dintre ele sunt \u00eentemeiate\u201d, a declarat Kallas, \u00eentrebat\u0103 despre acest document \u00een cadrul unei conferin\u0163e la Doha, \u00een Qatar. \u201eStatele Unite r\u0103m\u00e2n cel mai mare aliat al nostru (&#8230;) nu am fost \u00eentotdeauna de acord pe diferite subiecte, dar cred c\u0103 principiul general r\u0103m\u00e2ne acela\u015fi. Suntem cei mai mari alia\u0163i \u015fi trebuie s\u0103 r\u0103m\u00e2nem uni\u0163i\u201d, a ad\u0103ugat ea.\u00a0<\/p>\n<p>Administra\u0163ia Trump a publicat vineri un document care redefine\u015fte \u201eStrategia de securitate na\u0163ional\u0103\u201d \u00een conformitate cu abordarea pre\u015fedintelui american de a pune \u201eAmerica pe primul loc\u201d.<\/p>\n<p>Documentul critic\u0103 dur europenii, sus\u0163in\u00e2nd afirma\u0163iile extremei drepte potrivit c\u0103rora B\u0103tr\u00e2nul Continent se confrunt\u0103 cu o \u201edispari\u0163ie civiliza\u0163ional\u0103\u201d din cauza imigra\u0163iei. De asemenea, documentul pune sub semnul \u00eentreb\u0103rii \u201eobsesia sa infructuoas\u0103 pentru asfixierea reglementar\u0103\u201d.<\/p>\n<p>Documentul promite, de asemenea, c\u0103 nu va avea loc extinderea NATO, distrug\u00e2nd \u00eenc\u0103 o dat\u0103 speran\u0163ele Ucrainei, care sufer\u0103 invazia rus\u0103.<\/p>\n<p>\u201eEuropa \u015fi-a subestimat propria putere. \u00cen ceea ce prive\u015fte Rusia, de exemplu (&#8230;) ar trebui s\u0103 avem mai mult\u0103 \u00eencredere \u00een noi \u00een\u015fine\u201d, a afirmat Kallas.\u00a0<\/p>\n<p>Responsabilii ucraineni \u015fi americani se \u00eent\u00e2lnesc s\u00e2mb\u0103t\u0103 la Miami pentru a treia zi consecutiv\u0103 de negocieri menite s\u0103 pun\u0103 cap\u0103t unui conflict de peste trei ani cu Rusia.<\/p>\n<p>\u201eImpunerea de restric\u0163ii \u015fi constr\u00e2ngeri asupra Ucrainei nu ne va aduce o pace durabil\u0103\u201d, a avertizat responsabila european\u0103. \u201eDac\u0103 agresiunea este r\u0103spl\u0103tit\u0103, ea se va repeta, nu numai \u00een Ucraina sau \u00een Gaza, ci peste tot \u00een lume\u201d, a ad\u0103ugat ea.<\/p>","protected":false},"excerpt":{"rendered":"<p>\u201eDesigur, exist\u0103 multe critici, dar cred c\u0103 unele dintre ele sunt \u00eentemeiate\u201d, a declarat Kallas,&hellip;<\/p>\n","protected":false},"author":0,"featured_media":50057,"comment_status":"open","ping_status":"open","sticky":false,"template":"","format":"standard","meta":{"footnotes":""},"categories":[4],"tags":[],"class_list":["post-50056","post","type-post","status-publish","format-standard","has-post-thumbnail","hentry","category-extern"],"_links":{"self":[{"href":"https:\/\/247stiri.ro\/index.php\/wp-json\/wp\/v2\/posts\/50056","targetHints":{"allow":["GET"]}}],"collection":[{"href":"https:\/\/247stiri.ro\/index.php\/wp-json\/wp\/v2\/posts"}],"about":[{"href":"https:\/\/247stiri.ro\/index.php\/wp-json\/wp\/v2\/types\/post"}],"replies":[{"embeddable":true,"href":"https:\/\/247stiri.ro\/index.php\/wp-json\/wp\/v2\/comments?post=50056"}],"version-history":[{"count":0,"href":"https:\/\/247stiri.ro\/index.php\/wp-json\/wp\/v2\/posts\/50056\/revisions"}],"wp:featuredmedia":[{"embeddable":true,"href":"https:\/\/247stiri.ro\/index.php\/wp-json\/wp\/v2\/media\/50057"}],"wp:attachment":[{"href":"https:\/\/247stiri.ro\/index.php\/wp-json\/wp\/v2\/media?parent=50056"}],"wp:term":[{"taxonomy":"category","embeddable":true,"href":"https:\/\/247stiri.ro\/index.php\/wp-json\/wp\/v2\/categories?post=50056"},{"taxonomy":"post_tag","embeddable":true,"href":"https:\/\/247stiri.ro\/index.php\/wp-json\/wp\/v2\/tags?post=50056"}],"curies":[{"name":"wp","href":"https:\/\/api.w.org\/{rel}","templated":true}]}}