{"id":50062,"date":"2025-12-06T13:46:22","date_gmt":"2025-12-06T13:46:22","guid":{"rendered":"https:\/\/247stiri.ro\/index.php\/2025\/12\/06\/peste-300-de-posturi-noi-in-crese-deblocate-de-guvern-daniel-david-educatia-intra-in-faza-de-stabilizare\/"},"modified":"2025-12-06T13:46:22","modified_gmt":"2025-12-06T13:46:22","slug":"peste-300-de-posturi-noi-in-crese-deblocate-de-guvern-daniel-david-educatia-intra-in-faza-de-stabilizare","status":"publish","type":"post","link":"https:\/\/247stiri.ro\/index.php\/2025\/12\/06\/peste-300-de-posturi-noi-in-crese-deblocate-de-guvern-daniel-david-educatia-intra-in-faza-de-stabilizare\/","title":{"rendered":"Peste 300 de posturi noi \u00een cre\u0219e, deblocate de Guvern. Daniel David: \u201eEduca\u021bia intr\u0103 \u00een faza de stabilizare\u201d"},"content":{"rendered":"<p>Ministrul Educa\u0163iei a anun\u0163at, s\u00e2mb\u0103t\u0103, c\u0103 \u00een \u015fedin\u0163a de vineri a Guvernului a fost adoptat memorandumul pentru scoaterea la concurs a 303 posturi vacante \u00een cadrul cre\u015felor construite recent prin PNRR, respectiv prin Programul Na\u0163ional de Construc\u0163ii de Interes Public sau Social.<\/p>\n<p>\u201dEduca\u0163ia timpurie este o component\u0103 esen\u0163ial\u0103 a educa\u0163iei, locul \u00een care se formeaz\u0103 premisele (prerechizitele) pentru cele opt competen\u0163e-cheie, care vor fi formate, dezvoltate \u015fi orientate spre specializare la celelalte niveluri educa\u0163ionale. De aceea, \u00een zona educa\u0163iei timpurii, focalizarea mea ca ministru a fost pe cre\u015fterea gradului de includere a copiilor \u00een sistem, unde, pe l\u00e2ng\u0103 construirea infrastructurii necesare (ex.: prin PNRR sau prin alte programe na\u0163ionale), vectorul principal este formarea \u015fi dezvoltarea resursei umane\u201d, a declarat Daniel David.<\/p>\n<p>Ministrul a men\u0163ionat c\u0103 educa\u0163ia trebuie s\u0103 intre \u00een faza de stabilizare \u015fi dezvoltare.\u00a0<\/p>\n<p>\u201dFaptul c\u0103, \u00eenc\u0103 \u00een condi\u0163ii de criz\u0103 fiscal-bugetar\u0103, Guvernul Rom\u00e2niei a deblocat aceste posturi, este un lucru care m\u0103 bucur\u0103 \u015fi care se adaug\u0103 altui demers similar din luna august &#8211; c\u00e2nd s-au mai aprobat 422 de posturi -, confirm\u00e2nd viziunea mea c\u0103, odat\u0103 trecut\u0103 prin furtuna fiscal-bugetar\u0103, educa\u0163ia trebuie s\u0103 intre \u00een faza de stabilizare \u015fi dezvoltare\u201d, a ar\u0103tat Daniel David.<\/p>","protected":false},"excerpt":{"rendered":"<p>Ministrul Educa\u0163iei a anun\u0163at, s\u00e2mb\u0103t\u0103, c\u0103 \u00een \u015fedin\u0163a de vineri a Guvernului a fost adoptat&hellip;<\/p>\n","protected":false},"author":0,"featured_media":50063,"comment_status":"open","ping_status":"open","sticky":false,"template":"","format":"standard","meta":{"footnotes":""},"categories":[2],"tags":[],"class_list":["post-50062","post","type-post","status-publish","format-standard","has-post-thumbnail","hentry","category-actual"],"_links":{"self":[{"href":"https:\/\/247stiri.ro\/index.php\/wp-json\/wp\/v2\/posts\/50062","targetHints":{"allow":["GET"]}}],"collection":[{"href":"https:\/\/247stiri.ro\/index.php\/wp-json\/wp\/v2\/posts"}],"about":[{"href":"https:\/\/247stiri.ro\/index.php\/wp-json\/wp\/v2\/types\/post"}],"replies":[{"embeddable":true,"href":"https:\/\/247stiri.ro\/index.php\/wp-json\/wp\/v2\/comments?post=50062"}],"version-history":[{"count":0,"href":"https:\/\/247stiri.ro\/index.php\/wp-json\/wp\/v2\/posts\/50062\/revisions"}],"wp:featuredmedia":[{"embeddable":true,"href":"https:\/\/247stiri.ro\/index.php\/wp-json\/wp\/v2\/media\/50063"}],"wp:attachment":[{"href":"https:\/\/247stiri.ro\/index.php\/wp-json\/wp\/v2\/media?parent=50062"}],"wp:term":[{"taxonomy":"category","embeddable":true,"href":"https:\/\/247stiri.ro\/index.php\/wp-json\/wp\/v2\/categories?post=50062"},{"taxonomy":"post_tag","embeddable":true,"href":"https:\/\/247stiri.ro\/index.php\/wp-json\/wp\/v2\/tags?post=50062"}],"curies":[{"name":"wp","href":"https:\/\/api.w.org\/{rel}","templated":true}]}}