{"id":50072,"date":"2025-12-06T14:45:15","date_gmt":"2025-12-06T14:45:15","guid":{"rendered":"https:\/\/247stiri.ro\/index.php\/2025\/12\/06\/romania-intra-in-nucleul-dur-al-noii-aparari-europene-sefii-armatei-participa-la-una-dintre-cele-mai-importante-reuniuni-pe-teme-militare-la-paris\/"},"modified":"2025-12-06T14:45:15","modified_gmt":"2025-12-06T14:45:15","slug":"romania-intra-in-nucleul-dur-al-noii-aparari-europene-sefii-armatei-participa-la-una-dintre-cele-mai-importante-reuniuni-pe-teme-militare-la-paris","status":"publish","type":"post","link":"https:\/\/247stiri.ro\/index.php\/2025\/12\/06\/romania-intra-in-nucleul-dur-al-noii-aparari-europene-sefii-armatei-participa-la-una-dintre-cele-mai-importante-reuniuni-pe-teme-militare-la-paris\/","title":{"rendered":"Rom\u00e2nia intr\u0103 \u00een nucleul dur al noii ap\u0103r\u0103ri europene. \u0218efii Armatei particip\u0103 la una dintre cele mai importante reuniuni pe teme militare, la Paris"},"content":{"rendered":"<p>\u021aara noastr\u0103 ar urma s\u0103 devin\u0103 \u00een urm\u0103toarea perioad\u0103 un stat strategic din punct de vedere al securit\u0103\u021bii \u0219i al \u00eenzestr\u0103rii armatei. La \u00eent\u00e2lnirea care are loc la Paris, \u0219eful statului major Gheorghi\u021b\u0103 Vlad \u0219i generalul Ion Cornel Ple\u0219a au discutat \u00een primul r\u00e2nd despre capacit\u0103\u021bile de ap\u0103rare. Acestea trebuie accelerate, \u00een special pe segmentul antiaerian, mobilitate militar\u0103, muni\u021bii \u0219i drone, iar industria de ap\u0103rare de la noi poate intra \u00een parteneriate strategice europene.\u00cent\u00e2lnirea din Fran\u021ba este organizat\u0103 de Ministerul For\u021belor Armate ale Fran\u021bei \u0219i la ea particip\u0103 to\u021bi omologii din Europa \u00eentr-o perioad\u0103 extrem de sensibil\u0103 &#8211; r\u0103zboi la grani\u021ba flancului estic al NATO. \u00cen ultimele luni au fost organizate mai multe exerci\u021bii, inclusiv la noi \u00een \u021bar\u0103.Reuniunea de la Paris nu este doar un exerci\u021biu diplomatic, ci un pas concret c\u0103tre o Europ\u0103 care \u00ee\u0219i construie\u0219te ap\u0103rarea \u00eempreun\u0103, cu implicare direct\u0103 a Rom\u00e2niei. Pentru Bucure\u0219ti, discu\u021biile deschid oportunit\u0103\u021bi reale: acces la programe de investi\u021bii \u0219i cooperare industrial\u0103.<\/p>\n<p>&#8222;Armata Rom\u00e2niei \u2013 am mai spus-o \u0219i o repet \u2013 este foarte bine preg\u0103tit\u0103. \u00cen ultimii ani am desf\u0103\u0219urat numeroase activit\u0103\u021bi de instruire, at\u00e2t \u00een context na\u021bional, c\u00e2t \u0219i interna\u021bional. De mai bine de 20 de ani particip\u0103m \u00een diferite teatre de opera\u021bii cu contingente consistente, iar \u00een prezent avem un program foarte ambi\u021bios de \u00eenzestrare\u201d, a afirmat generalul Gheorghi\u021b\u0103.Actualul context de securitate \u2013 r\u0103zboiul din Ucraina, tensiunile din Orientul Mijlociu, presiunea asupra lan\u021burilor de aprovizionare militare \u2013 oblig\u0103 Europa s\u0103 func\u021bioneze ca un actor unitar.\u00a0<\/p>","protected":false},"excerpt":{"rendered":"<p>\u021aara noastr\u0103 ar urma s\u0103 devin\u0103 \u00een urm\u0103toarea perioad\u0103 un stat strategic din punct de&hellip;<\/p>\n","protected":false},"author":0,"featured_media":50073,"comment_status":"open","ping_status":"open","sticky":false,"template":"","format":"standard","meta":{"footnotes":""},"categories":[2],"tags":[],"class_list":["post-50072","post","type-post","status-publish","format-standard","has-post-thumbnail","hentry","category-actual"],"_links":{"self":[{"href":"https:\/\/247stiri.ro\/index.php\/wp-json\/wp\/v2\/posts\/50072","targetHints":{"allow":["GET"]}}],"collection":[{"href":"https:\/\/247stiri.ro\/index.php\/wp-json\/wp\/v2\/posts"}],"about":[{"href":"https:\/\/247stiri.ro\/index.php\/wp-json\/wp\/v2\/types\/post"}],"replies":[{"embeddable":true,"href":"https:\/\/247stiri.ro\/index.php\/wp-json\/wp\/v2\/comments?post=50072"}],"version-history":[{"count":0,"href":"https:\/\/247stiri.ro\/index.php\/wp-json\/wp\/v2\/posts\/50072\/revisions"}],"wp:featuredmedia":[{"embeddable":true,"href":"https:\/\/247stiri.ro\/index.php\/wp-json\/wp\/v2\/media\/50073"}],"wp:attachment":[{"href":"https:\/\/247stiri.ro\/index.php\/wp-json\/wp\/v2\/media?parent=50072"}],"wp:term":[{"taxonomy":"category","embeddable":true,"href":"https:\/\/247stiri.ro\/index.php\/wp-json\/wp\/v2\/categories?post=50072"},{"taxonomy":"post_tag","embeddable":true,"href":"https:\/\/247stiri.ro\/index.php\/wp-json\/wp\/v2\/tags?post=50072"}],"curies":[{"name":"wp","href":"https:\/\/api.w.org\/{rel}","templated":true}]}}