{"id":50081,"date":"2025-12-06T15:44:52","date_gmt":"2025-12-06T15:44:52","guid":{"rendered":"https:\/\/247stiri.ro\/index.php\/2025\/12\/06\/judecatorii-cer-curtii-constitutionale-sa-respinga-legea-lui-bolojan-magistratii-acuza-legea-pensiilor-ne-afecteaza-independenta\/"},"modified":"2025-12-06T15:44:52","modified_gmt":"2025-12-06T15:44:52","slug":"judecatorii-cer-curtii-constitutionale-sa-respinga-legea-lui-bolojan-magistratii-acuza-legea-pensiilor-ne-afecteaza-independenta","status":"publish","type":"post","link":"https:\/\/247stiri.ro\/index.php\/2025\/12\/06\/judecatorii-cer-curtii-constitutionale-sa-respinga-legea-lui-bolojan-magistratii-acuza-legea-pensiilor-ne-afecteaza-independenta\/","title":{"rendered":"Judec\u0103torii cer Cur\u021bii Constitu\u021bionale s\u0103 resping\u0103 legea lui Bolojan. Magistra\u021bii acuz\u0103: Legea pensiilor ne afecteaz\u0103 independen\u021ba"},"content":{"rendered":"<p>Asocia\u021bia Forumul Judec\u0103torilor din Rom\u00e2nia a transmis un memoriu c\u0103tre Curtea Constitu\u021bional\u0103 prin care solicit\u0103 respingerea legii ce reglementeaz\u0103 pensiile magistra\u021bilor. Judec\u0103torii sus\u021bin c\u0103 modific\u0103rile din proiectul ini\u021biat de Ilie Bolojan ar elimina de facto pensia de serviciu a magistra\u021bilor. Ei atrag aten\u021bia c\u0103 aceast\u0103 lege afecteaz\u0103 independen\u021ba justi\u021biei \u0219i poate genera o criz\u0103 de personal \u00een sistemul judiciar, \u00een condi\u021biile \u00een care deja exist\u0103 deficit de personal \u00een anumite zone ale \u021b\u0103rii.<\/p>\n<p>Decizia \u00cenaltei Cur\u021bi<\/p>\n<p>\u00cenalta Curte de Casa\u021bie \u0219i Justi\u021bie a hot\u0103r\u00e2t \u00een unanimitate s\u0103 sesizeze Curtea Constitu\u021bional\u0103 cu privire la legea pensiilor magistra\u021bilor. Aceasta este a doua contesta\u021bie a Instan\u021bei Supreme, dup\u0103 ce primul proiect al Guvernului a fost declarat neconstitu\u021bional \u00eentruc\u00e2t nu a fost a\u0219teptat avizul CSM. \u00ceCCJ consider\u0103 c\u0103 Guvernul nu a justificat urgen\u021ba adopt\u0103rii, c\u0103 legea este neclar\u0103 \u0219i imprevizibil\u0103, c\u0103 schimb\u0103rile sunt bru\u0219te \u0219i c\u0103 magistra\u021bii sunt discrimina\u021bi fa\u021b\u0103 de alte categorii cu pensii speciale.<\/p>\n<p>Declara\u021biile oficiale<\/p>\n<p>\u201eProiectul de act normativ discrimineaz\u0103 magistra\u021bii fa\u021b\u0103 de alte categorii de beneficiari de pensii de serviciu\u201d \u0219i c\u0103 \u201eelimina, de facto, a declarat purt\u0103torul de cuv\u00e2nt al \u00cenaltei Cur\u021bi de Casa\u021bie \u0219i Justi\u021bie (\u00ceCCJ), Victor Alistar.\u201d Reprezentantul \u00ceCCJ a mai spus c\u0103 legea propus\u0103 de Guvern \u201e\u00eencalc\u0103 brutal independen\u021ba justi\u021biei, elimin\u0103 de facto pensia de serviciu pentru magistra\u021bii, \u00eencalc\u0103 standardele interna\u021bionale statuate prin jurispruden\u021ba Cur\u021bii de Justi\u021bie a Uniunii Europene, Cur\u021bii Europene a Drepturilor Omului.\u201d<\/p>\n<p><a title=\"Ii va cere PSD demisia lui Bolojan daca legea pensiilor speciale va pica la CCR? Sorin Grindeanu a oferit raspunsul \" href=\"https:\/\/www.realitatea.net\/stiri\/actual\/ii-va-cere-psd-demisia-lui-bolojan-daca-legea-pensiilor-speciale-va-pica-la-ccr-sorin-grindeanu-a-oferit-raspunsul_692efd402647f301fe0df3d6\">\u00cei va cere PSD demisia lui Bolojan dac\u0103 legea pensiilor speciale va pica la CCR? Sorin Grindeanu a oferit r\u0103spunsul<\/a><\/p>\n<p>Argumentele \u00ceCCJ<\/p>\n<p>\u00ceCCJ transmite c\u0103 Guvernul nu a justificat urgen\u021ba adopt\u0103rii legii \u0219i c\u0103 aceasta nu reprezint\u0103 o condi\u021bie din PNRR, a\u0219a cum a fost prezentat\u0103. Magistra\u021bii afirm\u0103 c\u0103 nu au fost oferite date privind impactul economic al reformei pensiilor \u00een anii urm\u0103tori. De asemenea, se arat\u0103 c\u0103 proiectul folose\u0219te termeni juridici inexisten\u021bi \u00een legisla\u021bia actual\u0103 \u0219i neexplica\u021bi \u00een textul legii. Criticii sus\u021bin c\u0103 regulile privind pensionarea sunt schimbate radical, f\u0103r\u0103 o perioad\u0103 de tranzi\u021bie adecvat\u0103.<\/p>\n<p>Datele prezentate<\/p>\n<p>Conform informa\u021biilor transmise:<\/p>\n<p>45% dintre magistra\u021bi ar avea v\u00e2rsta de pensionare crescut\u0103 brusc la 65 de ani;<\/p>\n<p>21% ar trece brusc la 60-64 de ani.<\/p>\n<p>Magistra\u021bii \u00ceCCJ sunt dezavantaja\u021bi fa\u021b\u0103 de alte categorii cu pensii de serviciu, de\u0219i statutul lor este garantat constitu\u021bional. Standardul minim de calcul pentru toate categoriile ar fi de 65% din veniturile brute. La magistra\u021bi, procentul este mai mic, plafonarea fiind de maximum 70% din venitul net, \u00een timp ce alte categorii pot ajunge la 80% sau mai mult.<\/p>\n<p><a title='Sefa CCR, detalii explozive din spatele anularii alegerilor: ,,Am luat la cunostinta de informatiile din documentele CSAT odata cu cetatenii\"' href=\"https:\/\/www.realitatea.net\/stiri\/actual\/sefa-ccr-detalii-explozive-din-spatele-anularii-alegerilor-am-aflat-detalii-odata-cu-toata-lumea_6931392194e31c4aec748ba2\">\u0218efa CCR, detalii explozive din spatele anul\u0103rii alegerilor: \u201eAm luat la cuno\u0219tin\u021b\u0103 de informa\u021biile din documentele CSAT odat\u0103 cu cet\u0103\u021benii\u201d<\/a><\/p>\n<p>Asumarea r\u0103spunderii de c\u0103tre Guvern<\/p>\n<p>Decizia \u00ceCCJ de a contesta \u0219i al doilea proiect vine dup\u0103 ce premierul Ilie Bolojan \u0219i-a asumat mar\u021bi r\u0103spunderea \u00een Parlament. Prima variant\u0103 a legii fusese deja contestat\u0103 la CCR. Pe 20 octombrie, Curtea Constitu\u021bional\u0103 a stabilit c\u0103 legea nu respect\u0103 Constitu\u021bia, deoarece nu a fost respectat termenul legal pentru emiterea avizului consultativ al CSM.<\/p>\n<p>Diferen\u021ba fa\u021b\u0103 de primul proiect<\/p>\n<p>Al doilea proiect de lege pentru care Guvernul \u0219i-a asumat r\u0103spunderea are o singur\u0103 diferen\u021b\u0103 major\u0103 fa\u021b\u0103 de cel respins anterior: perioada de tranzi\u021bie este de 15 ani, \u0219i nu de 10.<\/p>\n<p>Principalele prevederi ale legii contestate<\/p>\n<p>v\u00e2rsta standard de pensionare pentru magistra\u021bi va fi egal\u0103 cu cea din sistemul public de pensii, adic\u0103 65 de ani;<\/p>\n<p>magistra\u021bii trebuie s\u0103 aib\u0103 minimum 35 de ani vechime pentru a se pensiona;<\/p>\n<p>pensiile vor fi plafonate la maximum 70% din venitul net \u00eenainte de pensionare;<\/p>\n<p>magistra\u021bii se pot pensiona anticipat dac\u0103 au 35 de ani vechime, dar dac\u0103 nu au \u00eemplinit v\u00e2rsta standard de 65 de ani, li se aplic\u0103 o penalizare anual\u0103 de 2% din cuantumul pensiei p\u00e2n\u0103 la \u00eemplinirea v\u00e2rstei de pensionare;<\/p>\n<p>exist\u0103 o e\u0219alonare, p\u00e2n\u0103 \u00een 2036, a cre\u0219terii v\u00e2rstei de pensionare.<\/p>\n<p>\u00cen prezent, pensia de serviciu a magistra\u021bilor reprezint\u0103 80% din ultimul salariu brut. Pentru noua lege, Guvernul a a\u0219teptat avizul consultativ al CSM, care a fost unul negativ.<\/p>\n<p><a title=\"Doi fosti judecatori CCR il acuza pe Nicusor Dan de incalcarea Constitutiei pentru clipul electoral cu Drula de la Cotroceni. Ce poate pati presedintele\" href=\"https:\/\/www.realitatea.net\/stiri\/actual\/doi-fosti-judecatori-ccr-il-acuza-pe-nicusor-dan-de-incalcarea-constitutiei-pentru-clipul-electoral-cu-drula-de-la-cotroceni-ce-poate-pati-presedintele_69317bd02cfa5551d2395952\">Doi fo\u0219ti judec\u0103tori CCR \u00eel acuz\u0103 pe Nicu\u0219or Dan de \u00eenc\u0103lcarea Constitu\u021biei pentru clipul electoral cu Drul\u0103 de la Cotroceni. Ce poate p\u0103\u021bi pre\u0219edintele<\/a><\/p>","protected":false},"excerpt":{"rendered":"<p>Asocia\u021bia Forumul Judec\u0103torilor din Rom\u00e2nia a transmis un memoriu c\u0103tre Curtea Constitu\u021bional\u0103 prin care solicit\u0103&hellip;<\/p>\n","protected":false},"author":0,"featured_media":50082,"comment_status":"open","ping_status":"open","sticky":false,"template":"","format":"standard","meta":{"footnotes":""},"categories":[2],"tags":[],"class_list":["post-50081","post","type-post","status-publish","format-standard","has-post-thumbnail","hentry","category-actual"],"_links":{"self":[{"href":"https:\/\/247stiri.ro\/index.php\/wp-json\/wp\/v2\/posts\/50081","targetHints":{"allow":["GET"]}}],"collection":[{"href":"https:\/\/247stiri.ro\/index.php\/wp-json\/wp\/v2\/posts"}],"about":[{"href":"https:\/\/247stiri.ro\/index.php\/wp-json\/wp\/v2\/types\/post"}],"replies":[{"embeddable":true,"href":"https:\/\/247stiri.ro\/index.php\/wp-json\/wp\/v2\/comments?post=50081"}],"version-history":[{"count":0,"href":"https:\/\/247stiri.ro\/index.php\/wp-json\/wp\/v2\/posts\/50081\/revisions"}],"wp:featuredmedia":[{"embeddable":true,"href":"https:\/\/247stiri.ro\/index.php\/wp-json\/wp\/v2\/media\/50082"}],"wp:attachment":[{"href":"https:\/\/247stiri.ro\/index.php\/wp-json\/wp\/v2\/media?parent=50081"}],"wp:term":[{"taxonomy":"category","embeddable":true,"href":"https:\/\/247stiri.ro\/index.php\/wp-json\/wp\/v2\/categories?post=50081"},{"taxonomy":"post_tag","embeddable":true,"href":"https:\/\/247stiri.ro\/index.php\/wp-json\/wp\/v2\/tags?post=50081"}],"curies":[{"name":"wp","href":"https:\/\/api.w.org\/{rel}","templated":true}]}}