{"id":50111,"date":"2025-12-06T18:45:16","date_gmt":"2025-12-06T18:45:16","guid":{"rendered":"https:\/\/247stiri.ro\/index.php\/2025\/12\/06\/viktor-orban-seamana-panica-prin-cel-mai-recent-discurs-alegerile-din-2026-vor-fi-ultimele-inaintea-razboiului-care-se-apropie\/"},"modified":"2025-12-06T18:45:16","modified_gmt":"2025-12-06T18:45:16","slug":"viktor-orban-seamana-panica-prin-cel-mai-recent-discurs-alegerile-din-2026-vor-fi-ultimele-inaintea-razboiului-care-se-apropie","status":"publish","type":"post","link":"https:\/\/247stiri.ro\/index.php\/2025\/12\/06\/viktor-orban-seamana-panica-prin-cel-mai-recent-discurs-alegerile-din-2026-vor-fi-ultimele-inaintea-razboiului-care-se-apropie\/","title":{"rendered":"Viktor Orban seam\u0103n\u0103 panic\u0103 prin cel mai recent discurs: Alegerile din 2026 vor fi \u201eultimele \u00eenaintea r\u0103zboiului care se apropie\u201d"},"content":{"rendered":"<p>Orban a subliniat c\u0103 \u201etipul de guvern pe care \u00eel vom avea \u00een 2026 va \u00eensemna soarta noastr\u0103 cu privire la r\u0103zboi. Dac\u0103 vom avea un guvern pro-Bruxelles, el ne va duce \u00een r\u0103zboi, dar dac\u0103 vom avea un guvern interesat de aspectul na\u0163ional, atunci vom avea o \u015fans\u0103 de a sta \u00een afara r\u0103zboiului. R\u0103zboiul din Ucraina nu este departe, nici geografic, nici politic\u201d.<\/p>\n<p>Premierul Ungariei a continuat spun\u00e2nd c\u0103 liderii europeni au decis ca Europa s\u0103 intre \u00een r\u0103zboi \u201dUniunea European\u0103 construie\u0219te o economie de r\u0103zboi, care nu este construit\u0103 pentru dou\u0103 luni\u201d.<\/p>\n<p>Ungaria \u0219i izolarea posibil\u0103<\/p>\n<p>Potrivit lui Orban, \u021bara sa se poate baza doar pe propriile for\u021be \u0219i, dac\u0103 nu reu\u0219e\u0219te s\u0103 fac\u0103 acest lucru, \u201ene-am putea g\u0103si \u00eentr-o situa\u0163ie \u00een care toat\u0103 lumea este inamicul nostru \u00een loc s\u0103 ne fie prieten\u201d.<\/p>\n<p><a title=\"Viktor Orban le da lectii lui Bolojan si Nicusor, dupa intalnirea cu Trump: Cat timp el este presedinte, iar eu prim-ministru, nu vor exista sanctiuni!\" href=\"https:\/\/www.realitatea.net\/stiri\/extern\/viktor-orban-le-da-lectii-lui-bolojan-si-nicusor-dupa-intalnirea-cu-trump-cat-timp-el-este-presedinte-iar-eu-primministru-nu-vor-exista-sanctiuni_6911c32c56f18552186844a2\">Viktor Orban le d\u0103 lec\u021bii lui Bolojan \u0219i Nicu\u0219or, dup\u0103 \u00eent\u00e2lnirea cu Trump: C\u00e2t timp el este pre\u0219edinte, iar eu prim-ministru, nu vor exista sanc\u021biuni!<\/a><\/p>\n<p>\u201eEste evident pentru noi c\u0103 r\u0103zboiul poate fi doar un lucru r\u0103u, dar cei din Occident nu g\u00e2ndesc a\u015fa, ei cred c\u0103 din asta pot fi f\u0103cu\u0163i bani \u015fi banii predomin\u0103 tot mai mult asupra pozi\u0163iei de putere \u00een aceast\u0103 privin\u0163\u0103\u201d, a declarat \u0219eful guvernului ungar.<\/p>\n<p>Orban \u0219i-a exprimat dorin\u021ba ca \u00een s\u0103pt\u0103m\u00e2nile urm\u0103toare s\u0103 existe discu\u021bii mai deschise despre soarta celor \u201e220-230 de miliarde de euro reprezent\u00e2nd activele ruse\u015fti \u00eenghe\u0163ate\u201d.<\/p>\n<p>Premierul \u021b\u0103rii vecine a remarcat c\u0103, odat\u0103 cu trecerea timpului, hot\u0103r\u00e2rile legate de r\u0103zboi \u201eau sc\u0103pat din m\u00e2inile politicienilor\u201d \u0219i au ajuns par\u021bial \u00een m\u00e2inile actorilor economici.<\/p>\n<p>Sanc\u021biunile energetice \u0219i pozi\u021bia Bruxelles-ului<\/p>\n<p>Orban a calificat drept \u201er\u0103ut\u0103cioas\u0103\u201d decizia Uniunii Europene de a nu excepta Ungaria de la sanc\u021biunile impuse Rusiei \u00een domeniul energetic, amintind c\u0103 pre\u0219edintele american Donald Trump acordase Budapestei o astfel de excep\u021bie \u00een privin\u021ba sanc\u021biunilor aplicate de SUA. \u00cen opinia sa, Bruxelles-ul consider\u0103 c\u0103 sanc\u021biunile UE \u00eempotriva Rusiei sunt o m\u0103sur\u0103 de politic\u0103 comercial\u0103, care nu necesit\u0103 unanimitate \u00eentre statele membre.<\/p>\n<p><a title='Viktor Orban critica cele trei optiuni propuse de Ursula von der Leyen pentru ajutorul Ucrainei: ,,Nepotii nostri vor plati factura razboiului\"' href=\"https:\/\/www.realitatea.net\/stiri\/actual\/viktor-orban-critica-cele-trei-optiuni-propuse-de-ursula-von-der-leyen-pentru-ajutorul-ucrainei-nepotii-nostri-vor-plati-factura-razboiului_691f865d4bd319650640dae4\">Viktor Orban critic\u0103 cele trei op\u021biuni propuse de Ursula von der Leyen pentru ajutorul Ucrainei: \u201eNepo\u021bii no\u0219tri vor pl\u0103ti factura r\u0103zboiului\u201d<\/a><\/p>","protected":false},"excerpt":{"rendered":"<p>Orban a subliniat c\u0103 \u201etipul de guvern pe care \u00eel vom avea \u00een 2026 va&hellip;<\/p>\n","protected":false},"author":0,"featured_media":50103,"comment_status":"open","ping_status":"open","sticky":false,"template":"","format":"standard","meta":{"footnotes":""},"categories":[2],"tags":[],"class_list":["post-50111","post","type-post","status-publish","format-standard","has-post-thumbnail","hentry","category-actual"],"_links":{"self":[{"href":"https:\/\/247stiri.ro\/index.php\/wp-json\/wp\/v2\/posts\/50111","targetHints":{"allow":["GET"]}}],"collection":[{"href":"https:\/\/247stiri.ro\/index.php\/wp-json\/wp\/v2\/posts"}],"about":[{"href":"https:\/\/247stiri.ro\/index.php\/wp-json\/wp\/v2\/types\/post"}],"replies":[{"embeddable":true,"href":"https:\/\/247stiri.ro\/index.php\/wp-json\/wp\/v2\/comments?post=50111"}],"version-history":[{"count":0,"href":"https:\/\/247stiri.ro\/index.php\/wp-json\/wp\/v2\/posts\/50111\/revisions"}],"wp:featuredmedia":[{"embeddable":true,"href":"https:\/\/247stiri.ro\/index.php\/wp-json\/wp\/v2\/media\/50103"}],"wp:attachment":[{"href":"https:\/\/247stiri.ro\/index.php\/wp-json\/wp\/v2\/media?parent=50111"}],"wp:term":[{"taxonomy":"category","embeddable":true,"href":"https:\/\/247stiri.ro\/index.php\/wp-json\/wp\/v2\/categories?post=50111"},{"taxonomy":"post_tag","embeddable":true,"href":"https:\/\/247stiri.ro\/index.php\/wp-json\/wp\/v2\/tags?post=50111"}],"curies":[{"name":"wp","href":"https:\/\/api.w.org\/{rel}","templated":true}]}}