{"id":50112,"date":"2025-12-06T19:44:54","date_gmt":"2025-12-06T19:44:54","guid":{"rendered":"https:\/\/247stiri.ro\/index.php\/2025\/12\/06\/maia-sandu-i-a-retras-decoratia-sefului-federatiei-moldovene-de-judo-pentru-ca-i-s-a-deschis-dosar-penal\/"},"modified":"2025-12-06T19:44:54","modified_gmt":"2025-12-06T19:44:54","slug":"maia-sandu-i-a-retras-decoratia-sefului-federatiei-moldovene-de-judo-pentru-ca-i-s-a-deschis-dosar-penal","status":"publish","type":"post","link":"https:\/\/247stiri.ro\/index.php\/2025\/12\/06\/maia-sandu-i-a-retras-decoratia-sefului-federatiei-moldovene-de-judo-pentru-ca-i-s-a-deschis-dosar-penal\/","title":{"rendered":"Maia Sandu i-a retras decora\u021bia \u0219efului Federa\u021biei Moldovene de Judo, pentru c\u0103 i s-a deschis dosar penal"},"content":{"rendered":"<p>Decizia de conferire a distinc\u021biilor de stat \u00een cazul a dou\u0103 persoane: Andrei Golban, pre\u0219edintele Asocia\u021biei Ob\u0219te\u0219ti \u201eFedera\u021bia de Judo din Republica Moldova\u201d, \u0219i Grigore Postic\u0103, antrenor de lupte, a fost revocat\u0103 printr-un decret, transmite <a href=\"https:\/\/www.zdg.md\/stiri\/politic\/presedinta-maia-sandu-a-revocat-distinctiile-de-stat-acordate-lui-andrei-golban-si-grigore-postica-recent-zdg-a-scris-ca-golban-este-inculpat-intr-un-dosar-penal\/\" target=\"_blank\">Ziarul de Gard\u0103<\/a>.\u00a0<\/p>\n<p>Andrei Golban, pre\u0219edintele Asocia\u021biei Ob\u0219te\u0219ti \u201eFedera\u021bia de Judo din R. Moldova\u201d, vizat \u00eentr-un dosar penal de samavolnicie, fusese decorat de pre\u0219edinta Maia Sandu cu \u201eOrdinul Onoarei\u201d pe 10 octombrie.<\/p>\n<p>Presa de la Chi\u0219in\u0103u a relatat c\u0103 Andrei Golban a fost re\u021binut \u00een 2016 de organele de urm\u0103rire penal\u0103, fiind suspectat c\u0103, \u00eempreun\u0103 cu un sportiv de performan\u021b\u0103 \u0219i un fost poli\u021bist, ar fi extorcat prin \u0219antaj peste 13 milioane de ruble ruse\u0219ti de la un moldovean care activa \u00een Rusia.<\/p>","protected":false},"excerpt":{"rendered":"<p>Decizia de conferire a distinc\u021biilor de stat \u00een cazul a dou\u0103 persoane: Andrei Golban, pre\u0219edintele&hellip;<\/p>\n","protected":false},"author":0,"featured_media":50113,"comment_status":"open","ping_status":"open","sticky":false,"template":"","format":"standard","meta":{"footnotes":""},"categories":[4],"tags":[],"class_list":["post-50112","post","type-post","status-publish","format-standard","has-post-thumbnail","hentry","category-extern"],"_links":{"self":[{"href":"https:\/\/247stiri.ro\/index.php\/wp-json\/wp\/v2\/posts\/50112","targetHints":{"allow":["GET"]}}],"collection":[{"href":"https:\/\/247stiri.ro\/index.php\/wp-json\/wp\/v2\/posts"}],"about":[{"href":"https:\/\/247stiri.ro\/index.php\/wp-json\/wp\/v2\/types\/post"}],"replies":[{"embeddable":true,"href":"https:\/\/247stiri.ro\/index.php\/wp-json\/wp\/v2\/comments?post=50112"}],"version-history":[{"count":0,"href":"https:\/\/247stiri.ro\/index.php\/wp-json\/wp\/v2\/posts\/50112\/revisions"}],"wp:featuredmedia":[{"embeddable":true,"href":"https:\/\/247stiri.ro\/index.php\/wp-json\/wp\/v2\/media\/50113"}],"wp:attachment":[{"href":"https:\/\/247stiri.ro\/index.php\/wp-json\/wp\/v2\/media?parent=50112"}],"wp:term":[{"taxonomy":"category","embeddable":true,"href":"https:\/\/247stiri.ro\/index.php\/wp-json\/wp\/v2\/categories?post=50112"},{"taxonomy":"post_tag","embeddable":true,"href":"https:\/\/247stiri.ro\/index.php\/wp-json\/wp\/v2\/tags?post=50112"}],"curies":[{"name":"wp","href":"https:\/\/api.w.org\/{rel}","templated":true}]}}