{"id":50142,"date":"2025-12-07T05:45:03","date_gmt":"2025-12-07T05:45:03","guid":{"rendered":"https:\/\/247stiri.ro\/index.php\/2025\/12\/07\/cunoscutul-cantaret-aroman-hrista-lupci-si-membri-ai-formatiei-pindu-implicati-intr-un-accident-auto-surse\/"},"modified":"2025-12-07T05:45:03","modified_gmt":"2025-12-07T05:45:03","slug":"cunoscutul-cantaret-aroman-hrista-lupci-si-membri-ai-formatiei-pindu-implicati-intr-un-accident-auto-surse","status":"publish","type":"post","link":"https:\/\/247stiri.ro\/index.php\/2025\/12\/07\/cunoscutul-cantaret-aroman-hrista-lupci-si-membri-ai-formatiei-pindu-implicati-intr-un-accident-auto-surse\/","title":{"rendered":"Cunoscutul c\u00e2nt\u0103re\u021b arom\u00e2n Hrista Lupci \u0219i membri ai forma\u021biei Pindu, implica\u021bi \u00eentr-un accident auto &#8211; SURSE"},"content":{"rendered":"<p>ccidentul s-a produs s\u00e2mb\u0103t\u0103 dup\u0103-amiaz\u0103, dup\u0103 ce un b\u0103rbat \u00een v\u00e2rst\u0103 de 53 de ani, care conducea un autoturism pe direc\u021bia Constan\u021ba\u2013Tulcea, ar fi pierdut controlul asupra direc\u021biei de mers pe fondul neadapt\u0103rii vitezei la condi\u021biile de drum.<\/p>\n<p>\u00cen urma accidentului a rezultat r\u0103nirea u\u0219oar\u0103 a conduc\u0103torului auto \u0219i a unui pasager aflat pe bancheta din spate a autoturismului.<\/p>\n<p>Conform unor surse neoficiale, unul dintre b\u0103rba\u021bii implica\u021bi este Hrista Lupci, un cunoscut c\u00e2nt\u0103re\u021b de muzic\u0103 arm\u00e2neasc\u0103 din Constan\u021ba, care colaboreaz\u0103 cu forma\u021bia Pindu. Acesta s-ar fi \u00eendreptat c\u0103tre Tulcea, unde urma s\u0103 participe la un botez, scrie <a href=\"https:\/\/www.ziuaconstanta.ro\/stiri\/actualitate\/surse-hrista-lupci-un-cunoscut-cantaret-de-muzica-armaneasca-din-constanta-implicat-in-accidentul-de-la-mihai-viteazu-920253.html\" target=\"_blank\">Ziua de Constan\u021ba.<\/a><\/p>\n<p>Conduc\u0103torul auto a fost testat cu aparatul etilotest, rezultatul fiind negativ, acesta de\u021bin\u00e2nd permis de conducere valabil.<\/p>\n<p>\u00cen cauz\u0103 a fost \u00eentocmit dosar penal pentru s\u0103v\u00e2r\u0219irea infrac\u021biunii de v\u0103t\u0103mare corporal\u0103 din culp\u0103.<\/p>\n<p>Poli\u021bi\u0219tii continu\u0103 cercet\u0103rile pentru stabilirea tuturor \u00eemprejur\u0103rilor \u00een care s-a produs evenimentul rutier.<\/p>","protected":false},"excerpt":{"rendered":"<p>ccidentul s-a produs s\u00e2mb\u0103t\u0103 dup\u0103-amiaz\u0103, dup\u0103 ce un b\u0103rbat \u00een v\u00e2rst\u0103 de 53 de ani,&hellip;<\/p>\n","protected":false},"author":0,"featured_media":50143,"comment_status":"open","ping_status":"open","sticky":false,"template":"","format":"standard","meta":{"footnotes":""},"categories":[8],"tags":[],"class_list":["post-50142","post","type-post","status-publish","format-standard","has-post-thumbnail","hentry","category-lifestyle"],"_links":{"self":[{"href":"https:\/\/247stiri.ro\/index.php\/wp-json\/wp\/v2\/posts\/50142","targetHints":{"allow":["GET"]}}],"collection":[{"href":"https:\/\/247stiri.ro\/index.php\/wp-json\/wp\/v2\/posts"}],"about":[{"href":"https:\/\/247stiri.ro\/index.php\/wp-json\/wp\/v2\/types\/post"}],"replies":[{"embeddable":true,"href":"https:\/\/247stiri.ro\/index.php\/wp-json\/wp\/v2\/comments?post=50142"}],"version-history":[{"count":0,"href":"https:\/\/247stiri.ro\/index.php\/wp-json\/wp\/v2\/posts\/50142\/revisions"}],"wp:featuredmedia":[{"embeddable":true,"href":"https:\/\/247stiri.ro\/index.php\/wp-json\/wp\/v2\/media\/50143"}],"wp:attachment":[{"href":"https:\/\/247stiri.ro\/index.php\/wp-json\/wp\/v2\/media?parent=50142"}],"wp:term":[{"taxonomy":"category","embeddable":true,"href":"https:\/\/247stiri.ro\/index.php\/wp-json\/wp\/v2\/categories?post=50142"},{"taxonomy":"post_tag","embeddable":true,"href":"https:\/\/247stiri.ro\/index.php\/wp-json\/wp\/v2\/tags?post=50142"}],"curies":[{"name":"wp","href":"https:\/\/api.w.org\/{rel}","templated":true}]}}