{"id":50150,"date":"2025-12-07T05:45:09","date_gmt":"2025-12-07T05:45:09","guid":{"rendered":"https:\/\/247stiri.ro\/index.php\/2025\/12\/07\/bucurestenii-traiesc-in-frig-si-fara-apa-calda-oamenii-sunt-disperaticaldura-avem-din-cand-in-cand-nu-mereu-stam-in-frig\/"},"modified":"2025-12-07T05:45:09","modified_gmt":"2025-12-07T05:45:09","slug":"bucurestenii-traiesc-in-frig-si-fara-apa-calda-oamenii-sunt-disperaticaldura-avem-din-cand-in-cand-nu-mereu-stam-in-frig","status":"publish","type":"post","link":"https:\/\/247stiri.ro\/index.php\/2025\/12\/07\/bucurestenii-traiesc-in-frig-si-fara-apa-calda-oamenii-sunt-disperaticaldura-avem-din-cand-in-cand-nu-mereu-stam-in-frig\/","title":{"rendered":"Bucure\u0219tenii tr\u0103iesc \u00een frig \u0219i f\u0103r\u0103 ap\u0103 cald\u0103. Oamenii sunt dispera\u021bi:&#8221;C\u0103ldur\u0103 avem din c\u00e2nd \u00een c\u00e2nd, nu mereu. St\u0103m \u00een frig.&#8221;"},"content":{"rendered":"<p>De mul\u021bi ani Bucure\u0219tiul are probleme grave cu sistemul de termoficare, iar avariile sunt la ordinea zilei. Ap\u0103 cald\u0103 e doar din c\u00e2nd \u00een c\u00e2nd, iar iarna nu de pu\u021bine ori au fost perioade lungi de timp \u00een care caloriferele au r\u0103mas reci. Bucure\u0219tenii deja nu mai au speran\u021b\u0103 c\u0103 aceast\u0103 situa\u021bie grav\u0103 s-ar putea rezolva vreodat\u0103. Pensionarii sunt cei mai afecta\u021bi de lipsa c\u0103ldurii \u0219i a apei calde. Bolile de care sufer\u0103 se agraveaz\u0103 din cauza frigului.<\/p>\n<p>Oamenii sunt nemul\u021bumi\u021bi, conform declara\u021biilor pe care le-au dat cet\u0103\u021benii \u00een interviurile acordate Realitatea Plus.<\/p>\n<p>&#8222;Sunt bolnav\u0103 cu inima, am f\u0103cut un infarct acum c\u00e2teva s\u0103pt\u0103m\u00e2ni. Nu avem voie pentru inim\u0103, nu avem voie\u2026 dar asta e,&#8221; este declara\u021bia unei cet\u0103\u021ben\u021be.<\/p>\n<p>Umili\u021bi, l\u0103sa\u021bi de izbeli\u0219te s\u0103 se lupte cu s\u0103r\u0103cia \u0219i frigul. A\u0219a se simt cei mai mul\u021bi pensionari din Capital\u0103, cel mai bogat ora\u0219 al Rom\u00e2niei. C\u00e2nd nu au c\u0103ldur\u0103, de team\u0103 s\u0103 nu \u00eenghe\u021be, ajung s\u0103 doarm\u0103 cu gecile pe ei \u0219i se \u00eenvelesc cu toate p\u0103turile pe care le au \u00een cas\u0103.<\/p>\n<p>&#8222;C\u0103ldur\u0103 nu avem. Ap\u0103 cald\u0103 ne d\u0103 din joi \u00een Pa\u0219te.&#8221;&#8221;C\u0103ldur\u0103 avem din c\u00e2nd \u00een c\u00e2nd, nu mereu. St\u0103m \u00een frig.&#8221;&#8221;S\u0103 ne mai punem re\u0219eu nu ne convine, c\u0103 ne cost\u0103.&#8221;&#8221;Ne \u00eenc\u0103lzim\u2026 ne punem p\u0103turi pe noi, st\u0103m mai gros \u00eembr\u0103cate.&#8221;&#8221;Nu este c\u0103ldur\u0103, \u00eentr-adev\u0103r. Suport\u0103 lumea la blocuri frigul\u2026 ei nu \u0219tiu treaba asta. Dar ei, dac\u0103 au bani mul\u021bi, nu stau de vorb\u0103 cu noi.&#8221;&#8221;Mul\u021bi \u0219i-au luat re\u0219eu: arde pu\u021bin \u0219i se opre\u0219te, pentru c\u0103 nu se poate tr\u0103i \u00een frig.&#8221;&#8221;Punem mai gros pe noi, c\u00e2te un halat,&#8221; sunt declara\u021biile oamenilor afecta\u021bi.\u00cen ciuda faptului c\u0103 nu este ap\u0103 cald\u0103, iar caloriferele sunt reci, facturile la \u00eentre\u021binere r\u0103m\u00e2n foarte ridicate. Un co\u0219mar pentru seniorii care abia supravie\u021buiesc cu pensiile extrem de mici. De multe ori, sunt nevoi\u021bi s\u0103 aleag\u0103 \u00eentre m\u00e2ncare, medicamente \u0219i plata facturilor. A\u0219a s-a ajuns ca listele cu restan\u021bieri s\u0103 creasc\u0103 de la o lun\u0103 la alta.&#8221;Facturile sunt foarte mari. Am pl\u0103tit luna trecut\u0103 600 de lei; luna care vine ce \u00eenseamn\u0103.P\u0103i dau pensia mea, dau pensia mea la \u00eentre\u021binere \u0219i gata. Dar de m\u00e2ncare ce m\u0103n\u00e2nc? Dac\u0103 n-a\u0219 sta cu b\u0103iatul, n-a\u0219 putea s\u0103 tr\u0103iesc.\u00a0De 3\u20134 ori \u00eentre\u021binerea\u2026 nu se poate. P\u0103i noi avem banii lor?&#8221;&#8221;Ne-au crescut facturile de ne e fric\u0103 s\u0103 ne mai vin\u0103 la m\u00e2n\u0103 facturile.&#8221;\u00a0:De 3 ori ne-a crescut lumina \u0219i gazele \u0219i toate.&#8221;<\/p>\n<p>&#8222;St\u0103m\u2026 c\u0103 nu putem s\u0103 o pl\u0103tim. St\u0103m cu luminile stinse, ne uit\u0103m doar la TV.&#8221;Iar \u00eentre\u021binerea va fi \u0219i mai scump\u0103 iarna aceast\u0103. O povar\u0103 \u00een plus pentru b\u0103tr\u00e2ni pe l\u00e2ng\u0103 valul de scumpiri la alimente, energie \u0219i medicamente&#8221;E o perioad\u0103 foarte, foarte grea.&#8221;&#8221;Ne-a \u00eennebunit, ne-a stresat de cap\u2026 murim cu stresuri.&#8221;\u00a0&#8222;E foarte greu. Mergem pe strad\u0103 \u0219i vorbim singuri.&#8221;<\/p>\n<p><a href=\"https:\/\/www.realitatea.net\/stiri\/actual\/un-autoturism-a-avariat-o-teava-de-gaze-in-buzau-persoanele-aflate-pe-o-raza-de-aproximativ-200-de-metri-evacuate-preventiv_69350e9a7051292bdb129872\" target=\"_blank\">Un autoturism a avariat o \u0163eav\u0103 de gaze \u00een Buz\u0103u. Persoanele aflate pe o raz\u0103 de aproximativ 200 de metri au fost evacuate preventiv<\/a><\/p>","protected":false},"excerpt":{"rendered":"<p>De mul\u021bi ani Bucure\u0219tiul are probleme grave cu sistemul de termoficare, iar avariile sunt la&hellip;<\/p>\n","protected":false},"author":0,"featured_media":50137,"comment_status":"open","ping_status":"open","sticky":false,"template":"","format":"standard","meta":{"footnotes":""},"categories":[2],"tags":[],"class_list":["post-50150","post","type-post","status-publish","format-standard","has-post-thumbnail","hentry","category-actual"],"_links":{"self":[{"href":"https:\/\/247stiri.ro\/index.php\/wp-json\/wp\/v2\/posts\/50150","targetHints":{"allow":["GET"]}}],"collection":[{"href":"https:\/\/247stiri.ro\/index.php\/wp-json\/wp\/v2\/posts"}],"about":[{"href":"https:\/\/247stiri.ro\/index.php\/wp-json\/wp\/v2\/types\/post"}],"replies":[{"embeddable":true,"href":"https:\/\/247stiri.ro\/index.php\/wp-json\/wp\/v2\/comments?post=50150"}],"version-history":[{"count":0,"href":"https:\/\/247stiri.ro\/index.php\/wp-json\/wp\/v2\/posts\/50150\/revisions"}],"wp:featuredmedia":[{"embeddable":true,"href":"https:\/\/247stiri.ro\/index.php\/wp-json\/wp\/v2\/media\/50137"}],"wp:attachment":[{"href":"https:\/\/247stiri.ro\/index.php\/wp-json\/wp\/v2\/media?parent=50150"}],"wp:term":[{"taxonomy":"category","embeddable":true,"href":"https:\/\/247stiri.ro\/index.php\/wp-json\/wp\/v2\/categories?post=50150"},{"taxonomy":"post_tag","embeddable":true,"href":"https:\/\/247stiri.ro\/index.php\/wp-json\/wp\/v2\/tags?post=50150"}],"curies":[{"name":"wp","href":"https:\/\/api.w.org\/{rel}","templated":true}]}}