{"id":50189,"date":"2025-12-07T07:45:09","date_gmt":"2025-12-07T07:45:09","guid":{"rendered":"https:\/\/247stiri.ro\/index.php\/2025\/12\/07\/stefanita-avramescu-candidatul-aur-la-presedintia-cj-buzau-a-votat-la-primele-ore-ale-diminetii-in-chiojdu-azi-am-votat-pentru-buzau\/"},"modified":"2025-12-07T07:45:09","modified_gmt":"2025-12-07T07:45:09","slug":"stefanita-avramescu-candidatul-aur-la-presedintia-cj-buzau-a-votat-la-primele-ore-ale-diminetii-in-chiojdu-azi-am-votat-pentru-buzau","status":"publish","type":"post","link":"https:\/\/247stiri.ro\/index.php\/2025\/12\/07\/stefanita-avramescu-candidatul-aur-la-presedintia-cj-buzau-a-votat-la-primele-ore-ale-diminetii-in-chiojdu-azi-am-votat-pentru-buzau\/","title":{"rendered":"\u0218tef\u0103ni\u021b\u0103 Avr\u0103mescu, candidatul AUR la pre\u0219edin\u021bia CJ Buz\u0103u, a votat la primele ore ale dimine\u021bii \u00een Chiojdu: \u201eAzi am votat pentru Buz\u0103u\u201d"},"content":{"rendered":"<p>Avr\u0103mescu a vorbit despre miza acestui scrutin \u0219i despre responsabilitatea fiec\u0103rui buzoian.<\/p>\n<p>\u201eAzi am votat pentru Buz\u0103u. Am votat cu speran\u021b\u0103, am votat cu \u00eencredere c\u0103 lucrurile se pot schimba cu adev\u0103rat \u00een Buz\u0103u. Este dreptul nostru, al fiec\u0103ruia, de a ie\u0219i la vot, de a ne exprima op\u021biunea \u0219i de a vota cu \u00eencredere, f\u0103r\u0103 niciun fel de fric\u0103, f\u0103r\u0103 niciun fel de constr\u00e2ngere.<\/p>\n<p>Ast\u0103zi, Buz\u0103ul are o mare \u0219ans\u0103, aceea de a da semnalul schimb\u0103rii. Depinde de fiecare buzoian, depinde de fiecare dintre noi s\u0103 mergem la vot \u0219i s\u0103 ne exprim\u0103m inten\u021bia de vot. Doar a\u0219a putem face cu adev\u0103rat schimbarea la noi acas\u0103.\u201d, a declarat \u0218tef\u0103ni\u021b\u0103 Avr\u0103mescu.<\/p>\n<p>Scrutinul din 7 decembrie devine astfel un moment decisiv pentru Buz\u0103u, iar mesajul candidatului AUR este clar: mobilizarea la urne este esen\u021bial\u0103 pentru a pune jude\u021bul pe un drum nou, demn \u0219i corect.<\/p>","protected":false},"excerpt":{"rendered":"<p>Avr\u0103mescu a vorbit despre miza acestui scrutin \u0219i despre responsabilitatea fiec\u0103rui buzoian. \u201eAzi am votat&hellip;<\/p>\n","protected":false},"author":0,"featured_media":50180,"comment_status":"open","ping_status":"open","sticky":false,"template":"","format":"standard","meta":{"footnotes":""},"categories":[2],"tags":[],"class_list":["post-50189","post","type-post","status-publish","format-standard","has-post-thumbnail","hentry","category-actual"],"_links":{"self":[{"href":"https:\/\/247stiri.ro\/index.php\/wp-json\/wp\/v2\/posts\/50189","targetHints":{"allow":["GET"]}}],"collection":[{"href":"https:\/\/247stiri.ro\/index.php\/wp-json\/wp\/v2\/posts"}],"about":[{"href":"https:\/\/247stiri.ro\/index.php\/wp-json\/wp\/v2\/types\/post"}],"replies":[{"embeddable":true,"href":"https:\/\/247stiri.ro\/index.php\/wp-json\/wp\/v2\/comments?post=50189"}],"version-history":[{"count":0,"href":"https:\/\/247stiri.ro\/index.php\/wp-json\/wp\/v2\/posts\/50189\/revisions"}],"wp:featuredmedia":[{"embeddable":true,"href":"https:\/\/247stiri.ro\/index.php\/wp-json\/wp\/v2\/media\/50180"}],"wp:attachment":[{"href":"https:\/\/247stiri.ro\/index.php\/wp-json\/wp\/v2\/media?parent=50189"}],"wp:term":[{"taxonomy":"category","embeddable":true,"href":"https:\/\/247stiri.ro\/index.php\/wp-json\/wp\/v2\/categories?post=50189"},{"taxonomy":"post_tag","embeddable":true,"href":"https:\/\/247stiri.ro\/index.php\/wp-json\/wp\/v2\/tags?post=50189"}],"curies":[{"name":"wp","href":"https:\/\/api.w.org\/{rel}","templated":true}]}}