{"id":50190,"date":"2025-12-07T07:45:10","date_gmt":"2025-12-07T07:45:10","guid":{"rendered":"https:\/\/247stiri.ro\/index.php\/2025\/12\/07\/anca-alexandrescu-si-a-exercitat-dreptul-la-vot-pentru-primaria-capitalei-am-credinta-ca-dumnezeu-nu-ne-lasa-si-o-sa-punem-bucurestiul-pe-primul-loc\/"},"modified":"2025-12-07T07:45:10","modified_gmt":"2025-12-07T07:45:10","slug":"anca-alexandrescu-si-a-exercitat-dreptul-la-vot-pentru-primaria-capitalei-am-credinta-ca-dumnezeu-nu-ne-lasa-si-o-sa-punem-bucurestiul-pe-primul-loc","status":"publish","type":"post","link":"https:\/\/247stiri.ro\/index.php\/2025\/12\/07\/anca-alexandrescu-si-a-exercitat-dreptul-la-vot-pentru-primaria-capitalei-am-credinta-ca-dumnezeu-nu-ne-lasa-si-o-sa-punem-bucurestiul-pe-primul-loc\/","title":{"rendered":"Anca Alexandrescu \u0219i-a exercitat dreptul la vot pentru Prim\u0103ria Capitalei: \u201eAm credin\u021ba c\u0103 Dumnezeu nu ne las\u0103 \u0219i o s\u0103 punem Bucure\u0219tiul pe primul loc\u201d"},"content":{"rendered":"<p>\u201eS\u0103 facem un ora\u0219 \u00een care s\u0103 se poat\u0103 tr\u0103i \u0219i s\u0103 ne permit\u0103 s\u0103 tr\u0103im.<\/p>\n<p>Am venit cu credin\u021b\u0103, cu recuno\u0219tin\u021b\u0103 pentru tot ce am tr\u0103it \u00een aceste s\u0103pt\u0103m\u00e2ni, este un dar ceea ce am primit \u00een aceast\u0103 perioad\u0103, este experien\u021ba vie\u021bii mele de p\u00e2n\u0103 acum \u0219i am emo\u021bii. Sunt convins\u0103 c\u0103 vom putea s\u0103 facem dreptate la Bucure\u0219ti.<\/p>\n<p>Am credin\u021ba c\u0103 Dumnezeu nu ne las\u0103 \u0219i, \u00eempreun\u0103 cu cet\u0103\u021benii Bucure\u0219tiului, o s\u0103 punem Bucure\u0219tiul pe primul loc \u0219i o s\u0103 facem dreptate.\u201d, a declarat Anca Alexandrescu la ie\u0219irea de la urne.<\/p>\n<p>\u00cen Bucure\u015fti, pentru locul r\u0103mas vacant dup\u0103 ce Nicu\u015for Dan a fost ales pre\u015fedinte, s-au \u00eenscris \u015fi au r\u0103mas pe buletinul de vot 17 candida\u0163i, din care doi &#8211; Vlad Gheorghe \u015fi \u00a0Orlando Teodorovici &#8211; \u015fi-au anun\u0163at apoi retragerea, unul \u00een favoarea candidatuui liberal Ciprian Ciucu, iar cel\u0103lalt \u00een favoarea social-denocratului Daniel B\u0103lu\u0163\u0103.<\/p>\n<p>\u00censcri\u015fi pentru scrutinul de duminic\u0103 sunt 11 candida\u0163i sus\u0163inu\u0163i de partide politice \u015fi \u015fase independen\u0163i.<\/p>\n<p>Prima pozi\u0163ie de pe buletinele de vot este ocupat\u0103 de C\u0103t\u0103lin Drul\u0103 (USR), urmat de Ciprian Ciucu (PNL), \u00a0Burcea George-Valentin &#8211; Partidul Oamenilor Tineri; Alexandrescu Anca-Nicoleta &#8211; Alian\u0163a electoral\u0103,\u201eDreptate pentru Bucure\u015fti&#8221; dintre Alian\u0163a pentru Unirea Rom\u00e2nilor \u015fi Partidul Na\u0163ional \u0162\u0103r\u0103nesc Cre\u015ftin Democrat; B\u0103lu\u0163\u0103 Daniel &#8211; Partidul Social Democrat. Laz\u0103r Rare\u015f &#8211; Partidul Rom\u00e2nia \u00een Ac\u0163iune, Gheorghe Vlad-Dan &#8211; candidat independent, Negrot\u0103 Angela &#8211; candidat independent, Ciceal\u0103 Ana-Maria &#8211; S\u0103n\u0103tate Educa\u0163ie Natur\u0103 Sustenabilitate, Cre\u0163u Oana &#8211; Partidul Social Democrat Unit, Macovei Gheorghe &#8211; Partidul Rom\u00e2nia Mare, Florea Liviu-Gheorghe &#8211; Partidul Na\u0163ional T\u0103r\u0103nesc Maniu Mihalache, Lasca Mihai-Ioan &#8211; Patrio\u0163ii Poporului Rom\u00e2n, Teodorovici Eugen-Orlando &#8211; candidat independent, Ne\u0163oiu Gheorghe &#8211; candidat independent, Trifu D\u0103nut-Angelo &#8211; candidat independent, Filip Constantin-Titian &#8211; candidat independent.<\/p>","protected":false},"excerpt":{"rendered":"<p>\u201eS\u0103 facem un ora\u0219 \u00een care s\u0103 se poat\u0103 tr\u0103i \u0219i s\u0103 ne permit\u0103 s\u0103&hellip;<\/p>\n","protected":false},"author":0,"featured_media":50182,"comment_status":"open","ping_status":"open","sticky":false,"template":"","format":"standard","meta":{"footnotes":""},"categories":[2],"tags":[],"class_list":["post-50190","post","type-post","status-publish","format-standard","has-post-thumbnail","hentry","category-actual"],"_links":{"self":[{"href":"https:\/\/247stiri.ro\/index.php\/wp-json\/wp\/v2\/posts\/50190","targetHints":{"allow":["GET"]}}],"collection":[{"href":"https:\/\/247stiri.ro\/index.php\/wp-json\/wp\/v2\/posts"}],"about":[{"href":"https:\/\/247stiri.ro\/index.php\/wp-json\/wp\/v2\/types\/post"}],"replies":[{"embeddable":true,"href":"https:\/\/247stiri.ro\/index.php\/wp-json\/wp\/v2\/comments?post=50190"}],"version-history":[{"count":0,"href":"https:\/\/247stiri.ro\/index.php\/wp-json\/wp\/v2\/posts\/50190\/revisions"}],"wp:featuredmedia":[{"embeddable":true,"href":"https:\/\/247stiri.ro\/index.php\/wp-json\/wp\/v2\/media\/50182"}],"wp:attachment":[{"href":"https:\/\/247stiri.ro\/index.php\/wp-json\/wp\/v2\/media?parent=50190"}],"wp:term":[{"taxonomy":"category","embeddable":true,"href":"https:\/\/247stiri.ro\/index.php\/wp-json\/wp\/v2\/categories?post=50190"},{"taxonomy":"post_tag","embeddable":true,"href":"https:\/\/247stiri.ro\/index.php\/wp-json\/wp\/v2\/tags?post=50190"}],"curies":[{"name":"wp","href":"https:\/\/api.w.org\/{rel}","templated":true}]}}