{"id":50243,"date":"2025-12-07T10:44:57","date_gmt":"2025-12-07T10:44:57","guid":{"rendered":"https:\/\/247stiri.ro\/index.php\/2025\/12\/07\/ana-ciceala-s-a-prezentat-la-urne-orasul-nostru-poate-sa-fie-construit-pentru-viitor-cu-curaj\/"},"modified":"2025-12-07T10:44:57","modified_gmt":"2025-12-07T10:44:57","slug":"ana-ciceala-s-a-prezentat-la-urne-orasul-nostru-poate-sa-fie-construit-pentru-viitor-cu-curaj","status":"publish","type":"post","link":"https:\/\/247stiri.ro\/index.php\/2025\/12\/07\/ana-ciceala-s-a-prezentat-la-urne-orasul-nostru-poate-sa-fie-construit-pentru-viitor-cu-curaj\/","title":{"rendered":"Ana Ciceal\u0103 s-a prezentat la urne: \u201eOra\u015ful nostru poate s\u0103 fie construit pentru viitor cu curaj\u201d"},"content":{"rendered":"<p>\u201eAm votat pentru bucure\u015fteni \u015fi cum va ar\u0103ta ora\u015ful nostru pentru viitor. Ne-am obi\u015fnuit s\u0103 ne tr\u0103im vie\u0163ile de pe o zi pe alta, cu capul \u00een p\u0103m\u00e2nt, f\u0103r\u0103 s\u0103 ne mai g\u00e2ndim cum am putea construi viitorul nostru. Ast\u0103zi este o zi bun\u0103 pentru a \u00eencepe s\u0103 \u00eel construim. Am votat \u00eentr-un minut, a fost foarte u\u015for s\u0103 vot\u0103m.<\/p>\n<p>\u00cei \u00eencurajez pe to\u0163i bucure\u015ftenii s\u0103 fac\u0103 asta c\u00e2t mai devreme, s\u0103 \u00ee\u015fi g\u0103seasc\u0103 sec\u0163ia de vot pe registrulelectoral.ro, fiindc\u0103 la locale nu se poate vota \u00een orice sec\u0163ie de vot \u015fi le transmit c\u0103 este important s\u0103 voteze de diminea\u0163\u0103, pentru c\u0103 pe sear\u0103 s-ar putea s\u0103 se mai produc\u0103 cozi la sec\u0163ii. Ora\u015ful nostru poate s\u0103 fie construit pentru viitor cu curaj, cu speran\u0163\u0103 \u015fi vie\u0163ile noastre pot s\u0103 arate diferit dac\u0103 re\u00eennod\u0103m \u00eencrederea dintre noi\u201d, a declarat Ciceal\u0103 la ie\u0219irea de la urne.<\/p>\n<p>Aproape 2 milioane de bucure\u0219teni cu drept de vot sunt a\u0219tepta\u021bi ast\u0103zi \u00een sec\u021biile de votare pentru a-\u0219i alege noul primar al Capitalei pentru urm\u0103torii 3 ani, dup\u0103 ce Nicu\u0219or Dan a fost ales pre\u0219edinte al Rom\u00e2niei. Sec\u021biile de votare s-au deschis la ora 7.00 \u0219i se vor \u00eenchide la ora 21.00.<\/p>\n<p>\u00cen Bucure\u015fti, pentru locul r\u0103mas vacant dup\u0103 ce Nicu\u015for Dan a fost ales pre\u015fedinte, s-au \u00eenscris \u015fi au r\u0103mas pe buletinul de vot 17 candida\u0163i, din care doi &#8211; Vlad Gheorghe \u015fi \u00a0Orlando Teodorovici &#8211; \u015fi-au anun\u0163at apoi retragerea, unul \u00een favoarea candidatuui liberal Ciprian Ciucu, iar cel\u0103lalt \u00een favoarea social-denocratului Daniel B\u0103lu\u0163\u0103.<\/p>\n<p>\u00censcri\u015fi pentru scrutinul de duminic\u0103 sunt 11 candida\u0163i sus\u0163inu\u0163i de partide politice \u015fi \u015fase independen\u0163i.<\/p>\n<p>Prima pozi\u0163ie de pe buletinele de vot este ocupat\u0103 de C\u0103t\u0103lin Drul\u0103 (USR), urmat de Ciprian Ciucu (PNL), \u00a0Burcea George-Valentin &#8211; Partidul Oamenilor Tineri; Alexandrescu Anca-Nicoleta &#8211; Alian\u0163a electoral\u0103,\u201eDreptate pentru Bucure\u015fti&#8221; dintre Alian\u0163a pentru Unirea Rom\u00e2nilor \u015fi Partidul Na\u0163ional \u0162\u0103r\u0103nesc Cre\u015ftin Democrat; B\u0103lu\u0163\u0103 Daniel &#8211; Partidul Social Democrat. Laz\u0103r Rare\u015f &#8211; Partidul Rom\u00e2nia \u00een Ac\u0163iune, Gheorghe Vlad-Dan &#8211; candidat independent, Negrot\u0103 Angela &#8211; candidat independent, Ciceal\u0103 Ana-Maria &#8211; S\u0103n\u0103tate Educa\u0163ie Natur\u0103 Sustenabilitate, Cre\u0163u Oana &#8211; Partidul Social Democrat Unit, Macovei Gheorghe &#8211; Partidul Rom\u00e2nia Mare, Florea Liviu-Gheorghe &#8211; Partidul Na\u0163ional T\u0103r\u0103nesc Maniu Mihalache, Lasca Mihai-Ioan &#8211; Patrio\u0163ii Poporului Rom\u00e2n, Teodorovici Eugen-Orlando &#8211; candidat independent, Ne\u0163oiu Gheorghe &#8211; candidat independent, Trifu D\u0103nut-Angelo &#8211; candidat independent, Filip Constantin-Titian &#8211; candidat independent.<\/p>","protected":false},"excerpt":{"rendered":"<p>\u201eAm votat pentru bucure\u015fteni \u015fi cum va ar\u0103ta ora\u015ful nostru pentru viitor. Ne-am obi\u015fnuit s\u0103&hellip;<\/p>\n","protected":false},"author":0,"featured_media":50218,"comment_status":"open","ping_status":"open","sticky":false,"template":"","format":"standard","meta":{"footnotes":""},"categories":[2],"tags":[],"class_list":["post-50243","post","type-post","status-publish","format-standard","has-post-thumbnail","hentry","category-actual"],"_links":{"self":[{"href":"https:\/\/247stiri.ro\/index.php\/wp-json\/wp\/v2\/posts\/50243","targetHints":{"allow":["GET"]}}],"collection":[{"href":"https:\/\/247stiri.ro\/index.php\/wp-json\/wp\/v2\/posts"}],"about":[{"href":"https:\/\/247stiri.ro\/index.php\/wp-json\/wp\/v2\/types\/post"}],"replies":[{"embeddable":true,"href":"https:\/\/247stiri.ro\/index.php\/wp-json\/wp\/v2\/comments?post=50243"}],"version-history":[{"count":0,"href":"https:\/\/247stiri.ro\/index.php\/wp-json\/wp\/v2\/posts\/50243\/revisions"}],"wp:featuredmedia":[{"embeddable":true,"href":"https:\/\/247stiri.ro\/index.php\/wp-json\/wp\/v2\/media\/50218"}],"wp:attachment":[{"href":"https:\/\/247stiri.ro\/index.php\/wp-json\/wp\/v2\/media?parent=50243"}],"wp:term":[{"taxonomy":"category","embeddable":true,"href":"https:\/\/247stiri.ro\/index.php\/wp-json\/wp\/v2\/categories?post=50243"},{"taxonomy":"post_tag","embeddable":true,"href":"https:\/\/247stiri.ro\/index.php\/wp-json\/wp\/v2\/tags?post=50243"}],"curies":[{"name":"wp","href":"https:\/\/api.w.org\/{rel}","templated":true}]}}