{"id":50260,"date":"2025-12-07T12:45:35","date_gmt":"2025-12-07T12:45:35","guid":{"rendered":"https:\/\/247stiri.ro\/index.php\/2025\/12\/07\/sociologul-marius-pieleanu-alegerile-sunt-in-dinamica-lupta-este-stransa\/"},"modified":"2025-12-07T12:45:35","modified_gmt":"2025-12-07T12:45:35","slug":"sociologul-marius-pieleanu-alegerile-sunt-in-dinamica-lupta-este-stransa","status":"publish","type":"post","link":"https:\/\/247stiri.ro\/index.php\/2025\/12\/07\/sociologul-marius-pieleanu-alegerile-sunt-in-dinamica-lupta-este-stransa\/","title":{"rendered":"Sociologul Marius Pieleanu: Alegerile sunt \u00een dinamic\u0103, lupta este str\u00e2ns\u0103"},"content":{"rendered":"<p>&#8222;Deocamdat\u0103 avem o situa\u021bie care este aparent irelevant\u0103, \u00een sensul \u00een care votul este \u00een dinamic\u0103. Culegerea noastr\u0103 &#8211; pentru c\u0103 n oi nu num\u0103r\u0103m voturi &#8211; ci face o estimare la urne, \u00een fa\u021ba sec\u021biilor de votare nu avem date care s\u0103 genereze o ierarhie foarte clar\u0103, din motive de dinamic\u0103.<\/p>\n<p>C\u00e2teva concluzii pe care le-am mai spus, de altfel, se pot desprinde. O prim\u0103 concluzie este c\u0103 o candidat\u0103 acumuleaz\u0103 voturile semnificativ majoritare ale persoanelor de v\u00e2rst\u0103 mic\u0103, \u00eentre 18 \u0219i 25-30 de ani. De asemenea, este o concuren\u021b\u0103 acerb\u0103 pe dreapta \u00een vederea unei pozi\u021bii c\u00e2t mai bune a principalilor candida\u021bi de dreapta.<\/p>\n<p>O alt\u0103 concluzie important\u0103, aceea c\u0103 a\u0219tept\u0103m s\u0103 ni se confirme sau s\u0103 ni se infirme analizele pe care nu numai noi, dar \u0219i alte institute le-au realizat, privind votul foarte ridicat al bazinului suveranist. \u00cenc\u0103 nu avem o confirmare \u00een privin\u021ba asta, dar dinamica este cea care genereaz\u0103 improbabilit\u0103\u021bi la aceast\u0103 or\u0103&#8221;, a declarat Marius Pieleanu \u00eentr-o interven\u021bie telefonic\u0103 pentru Realitatea PLUS de la sediul Avangarde-CURS.<\/p>\n<p>Referitor la prezen\u021ba sc\u0103zut\u0103, sociologul a afirmat: &#8222;E greu de spus c\u0103 sunt spre 4 procente \u00een minus participare la vot. Asta \u00eenseamn\u0103 c\u0103, \u00een principiu, cei care \u00ee\u0219i mobilizeaz\u0103 mai adecvat bazinele proprii electorale ar avea o \u0219ans\u0103 \u00een plus.\u00a0<\/p>\n<p>\u00cen ora\u0219 plou\u0103, mall-urile sunt pline. De\u0219i \u00een analizele anterioare electorale \u0219i preelectorale oamenii spuneau c\u0103 au un anumit tip de interes fa\u021b\u0103 de ziua votului, iat\u0103 c\u0103 p\u00e2n\u0103 acum nu se confirm\u0103 acest lucru&#8221;.\u00a0<\/p>\n<p>Referitor la mobilizarea oamenilor la vot dup\u0103 ora 14.00, Marius Pieleanu a venit cu c\u00e2teva preciz\u0103ri, men\u021bion\u00e2nd c\u0103 paradigma comportamentului electoral \u00een ziua votului \u00een Bucure\u0219ti este una care e &#8222;semnificativ diferit\u0103 de comportamentul colectiv \u0219i individual la nivel na\u021bional&#8221;.<\/p>\n<p>&#8222;Nu exist\u0103 o regul\u0103 \u00een acest ora\u0219, av\u00e2nd \u00een vedere mobilitatea foarte crescut\u0103 demografic\u0103, num\u0103rul foarte mare de electori etc, deci nu avem un model sociologic \u0219i de v\u00e2rst\u0103 dezvoltat, astfel \u00eenc\u00e2t s\u0103 po\u021bi s\u0103 afirmi cu rigoare relativ \u0219tiin\u021bific\u0103 de ce anumite categorii sociale au ie\u0219it \u0219i altele nu au ie\u0219it. Nu a\u0219 putea spune cu siguran\u021b\u0103 electoratul c\u0103rui candidat a ie\u0219it sau nu a ie\u0219it la vot&#8221;, a spus specialistul.<\/p>\n<p>\u00cen opinia sa, va fi o participare la vot relativ omogen\u0103 de-a lungul \u00eentregii zile. Totodat\u0103, acesta a spus c\u0103 &#8222;este posibil ca spre sear\u0103 s\u0103 fie o participare mai ridicat\u0103&#8221; la urne, subliniind \u00eens\u0103 c\u0103 nu poate spune\u00a0 din ce zon\u0103 va fi aceasta &#8211; &#8222;suveranist\u0103, de dreapta clasic\u0103 sau de st\u00e2nga clasic\u0103&#8221;. &#8222;R\u0103m\u00e2ne s\u0103 vedem. Nu vreau s\u0103 m\u0103 hazardez \u00een afirma\u021bii care nu au o acoperire \u00een realitatea obiectiv\u0103&#8221;, a transmis acesta.\u00a0<\/p>","protected":false},"excerpt":{"rendered":"<p>&#8222;Deocamdat\u0103 avem o situa\u021bie care este aparent irelevant\u0103, \u00een sensul \u00een care votul este \u00een&hellip;<\/p>\n","protected":false},"author":0,"featured_media":50261,"comment_status":"open","ping_status":"open","sticky":false,"template":"","format":"standard","meta":{"footnotes":""},"categories":[3],"tags":[],"class_list":["post-50260","post","type-post","status-publish","format-standard","has-post-thumbnail","hentry","category-politica"],"_links":{"self":[{"href":"https:\/\/247stiri.ro\/index.php\/wp-json\/wp\/v2\/posts\/50260","targetHints":{"allow":["GET"]}}],"collection":[{"href":"https:\/\/247stiri.ro\/index.php\/wp-json\/wp\/v2\/posts"}],"about":[{"href":"https:\/\/247stiri.ro\/index.php\/wp-json\/wp\/v2\/types\/post"}],"replies":[{"embeddable":true,"href":"https:\/\/247stiri.ro\/index.php\/wp-json\/wp\/v2\/comments?post=50260"}],"version-history":[{"count":0,"href":"https:\/\/247stiri.ro\/index.php\/wp-json\/wp\/v2\/posts\/50260\/revisions"}],"wp:featuredmedia":[{"embeddable":true,"href":"https:\/\/247stiri.ro\/index.php\/wp-json\/wp\/v2\/media\/50261"}],"wp:attachment":[{"href":"https:\/\/247stiri.ro\/index.php\/wp-json\/wp\/v2\/media?parent=50260"}],"wp:term":[{"taxonomy":"category","embeddable":true,"href":"https:\/\/247stiri.ro\/index.php\/wp-json\/wp\/v2\/categories?post=50260"},{"taxonomy":"post_tag","embeddable":true,"href":"https:\/\/247stiri.ro\/index.php\/wp-json\/wp\/v2\/tags?post=50260"}],"curies":[{"name":"wp","href":"https:\/\/api.w.org\/{rel}","templated":true}]}}