{"id":50264,"date":"2025-12-07T12:45:37","date_gmt":"2025-12-07T12:45:37","guid":{"rendered":"https:\/\/247stiri.ro\/index.php\/2025\/12\/07\/nicusor-dan-vizita-oficiala-in-franta-intalniri-cu-emmanuel-macron-si-anne-hidalgo\/"},"modified":"2025-12-07T12:45:37","modified_gmt":"2025-12-07T12:45:37","slug":"nicusor-dan-vizita-oficiala-in-franta-intalniri-cu-emmanuel-macron-si-anne-hidalgo","status":"publish","type":"post","link":"https:\/\/247stiri.ro\/index.php\/2025\/12\/07\/nicusor-dan-vizita-oficiala-in-franta-intalniri-cu-emmanuel-macron-si-anne-hidalgo\/","title":{"rendered":"Nicu\u015for Dan, vizit\u0103 oficial\u0103 \u00een Fran\u0163a: \u00eent\u00e2lniri cu Emmanuel Macron \u015fi Anne Hidalgo"},"content":{"rendered":"<p>Potrivit programului oficial anun\u0163at de Administra\u0163ia Preziden\u0163ial\u0103, Nicu\u015for Dan va avea, luni, de la ora 21, o \u00eent\u00e2lnire cu reprezentan\u0163ii comunit\u0103\u0163ii rom\u00e2ne\u015fti din Fran\u0163a, la Ambasada Rom\u00e2niei de la Paris.\u00a0\u00cen cadrul evenimentului, \u015feful statului va sus\u0163ine o alocu\u0163iune.<\/p>\n<p>Mar\u0163i, de la ora 9.30, Nicu\u015for Dan va avea o \u00eent\u00e2lnire cu reprezentan\u0163i ai companiilor economice franceze, organizat\u0103 de Mi\u015fcarea \u00centreprinderilor din Fran\u0163a (Medef).<\/p>\n<p>De la ora 12.30, \u015feful statului va avea o \u00eentrevedere cu primarul Parisului, Anne Hidalgo, iar de la 13.30 va participa la inaugurarea aleii \u201dNicolae Titulescu\u201d \u00een Parcul Monceau din Paris.<\/p>\n<p>Ulterior, la ora 14.00, Nicu\u015for Dan va avea o \u00eentrevedere cu pre\u015fedintele Franceze, Emmanuel Macron, la Palatul \u00c9lys\u00e9e.<\/p>\n<p>Tot mar\u0163i, de la ora 17.50, \u015feful statului va face o vizit\u0103 la fabrica Thales.<\/p>\n<p>\u00a0<\/p>","protected":false},"excerpt":{"rendered":"<p>Potrivit programului oficial anun\u0163at de Administra\u0163ia Preziden\u0163ial\u0103, Nicu\u015for Dan va avea, luni, de la ora&hellip;<\/p>\n","protected":false},"author":0,"featured_media":50265,"comment_status":"open","ping_status":"open","sticky":false,"template":"","format":"standard","meta":{"footnotes":""},"categories":[3],"tags":[],"class_list":["post-50264","post","type-post","status-publish","format-standard","has-post-thumbnail","hentry","category-politica"],"_links":{"self":[{"href":"https:\/\/247stiri.ro\/index.php\/wp-json\/wp\/v2\/posts\/50264","targetHints":{"allow":["GET"]}}],"collection":[{"href":"https:\/\/247stiri.ro\/index.php\/wp-json\/wp\/v2\/posts"}],"about":[{"href":"https:\/\/247stiri.ro\/index.php\/wp-json\/wp\/v2\/types\/post"}],"replies":[{"embeddable":true,"href":"https:\/\/247stiri.ro\/index.php\/wp-json\/wp\/v2\/comments?post=50264"}],"version-history":[{"count":0,"href":"https:\/\/247stiri.ro\/index.php\/wp-json\/wp\/v2\/posts\/50264\/revisions"}],"wp:featuredmedia":[{"embeddable":true,"href":"https:\/\/247stiri.ro\/index.php\/wp-json\/wp\/v2\/media\/50265"}],"wp:attachment":[{"href":"https:\/\/247stiri.ro\/index.php\/wp-json\/wp\/v2\/media?parent=50264"}],"wp:term":[{"taxonomy":"category","embeddable":true,"href":"https:\/\/247stiri.ro\/index.php\/wp-json\/wp\/v2\/categories?post=50264"},{"taxonomy":"post_tag","embeddable":true,"href":"https:\/\/247stiri.ro\/index.php\/wp-json\/wp\/v2\/tags?post=50264"}],"curies":[{"name":"wp","href":"https:\/\/api.w.org\/{rel}","templated":true}]}}