{"id":50266,"date":"2025-12-07T12:45:38","date_gmt":"2025-12-07T12:45:38","guid":{"rendered":"https:\/\/247stiri.ro\/index.php\/2025\/12\/07\/prezenta-foarte-mica-la-urne-vladimir-ionas-director-avangarde-cetatenii-trebuie-sa-inteleaga-ca-ei-decid\/"},"modified":"2025-12-07T12:45:38","modified_gmt":"2025-12-07T12:45:38","slug":"prezenta-foarte-mica-la-urne-vladimir-ionas-director-avangarde-cetatenii-trebuie-sa-inteleaga-ca-ei-decid","status":"publish","type":"post","link":"https:\/\/247stiri.ro\/index.php\/2025\/12\/07\/prezenta-foarte-mica-la-urne-vladimir-ionas-director-avangarde-cetatenii-trebuie-sa-inteleaga-ca-ei-decid\/","title":{"rendered":"Prezen\u021b\u0103 foarte mic\u0103 la urne. Vladimir Iona\u0219, director Avangarde: &#8222;Cet\u0103\u021benii trebuie s\u0103 \u00een\u021beleag\u0103 c\u0103 ei decid&#8221;"},"content":{"rendered":"<p>&#8222;Important, \u00een momentul acesta, este ca cet\u0103\u021benii municipiului Bucure\u0219ti s\u0103 \u00een\u021beleag\u0103 c\u0103 e o zi \u00een care\u00a0decid cine va conduce destinele acestui ora\u0219 pentru urm\u0103torii trei ani, trei ani \u0219i ceva.<\/p>\n<p>La aceast\u0103 prezen\u021b\u0103 extrem de sc\u0103zut\u0103, fiecare vot conteaz\u0103, fiecare vot face diferen\u021ba, fiecare vot poate schimba ierarhii. Interesul fa\u021b\u0103 de acest scrutin electoral este extrem, extrem desc\u0103zut.<\/p>\n<p>\u00cen ultima s\u0103pt\u0103m\u00e2n\u0103, probabil ca urmare a luptelor politice, a modului mai agresiv \u00een care a fost gestionat\u0103 campania electoral\u0103, p\u0103rea c\u0103 interesul cre\u0219te. <\/p>\n<p>Dac\u0103 corel\u0103m, poate, acest dezinteres pe termen lung cu vremea, cu frigul,\u00a0poate n-ar trebui s\u0103 fie o surpriz\u0103 at\u00e2t de mare faptul c\u0103 prezen\u021ba este at\u00e2t de sc\u0103zut\u0103.\u00a0<\/p>\n<p>Ne vom clarifica mai bine undeva \u00een jurul orei 16.00 legate de prezen\u021b\u0103 pentru c\u0103, din punctul meu de vedere,\u00a0undeva \u00eentre 12 \u0219i 16 vom avea \u0219i cel mai mare val, sau a\u0219a ar fi ra\u021bional, cel mai mare val de prezen\u021b\u0103 pentru c\u0103 este \u00een timpul zilei, temperatura este pu\u021bin, pu\u021bin mai ridicat\u0103 \u0219i este lumin\u0103&#8221;, a declarat Vladimir Iona\u0219.<\/p>","protected":false},"excerpt":{"rendered":"<p>&#8222;Important, \u00een momentul acesta, este ca cet\u0103\u021benii municipiului Bucure\u0219ti s\u0103 \u00een\u021beleag\u0103 c\u0103 e o zi&hellip;<\/p>\n","protected":false},"author":0,"featured_media":50267,"comment_status":"open","ping_status":"open","sticky":false,"template":"","format":"standard","meta":{"footnotes":""},"categories":[3],"tags":[],"class_list":["post-50266","post","type-post","status-publish","format-standard","has-post-thumbnail","hentry","category-politica"],"_links":{"self":[{"href":"https:\/\/247stiri.ro\/index.php\/wp-json\/wp\/v2\/posts\/50266","targetHints":{"allow":["GET"]}}],"collection":[{"href":"https:\/\/247stiri.ro\/index.php\/wp-json\/wp\/v2\/posts"}],"about":[{"href":"https:\/\/247stiri.ro\/index.php\/wp-json\/wp\/v2\/types\/post"}],"replies":[{"embeddable":true,"href":"https:\/\/247stiri.ro\/index.php\/wp-json\/wp\/v2\/comments?post=50266"}],"version-history":[{"count":0,"href":"https:\/\/247stiri.ro\/index.php\/wp-json\/wp\/v2\/posts\/50266\/revisions"}],"wp:featuredmedia":[{"embeddable":true,"href":"https:\/\/247stiri.ro\/index.php\/wp-json\/wp\/v2\/media\/50267"}],"wp:attachment":[{"href":"https:\/\/247stiri.ro\/index.php\/wp-json\/wp\/v2\/media?parent=50266"}],"wp:term":[{"taxonomy":"category","embeddable":true,"href":"https:\/\/247stiri.ro\/index.php\/wp-json\/wp\/v2\/categories?post=50266"},{"taxonomy":"post_tag","embeddable":true,"href":"https:\/\/247stiri.ro\/index.php\/wp-json\/wp\/v2\/tags?post=50266"}],"curies":[{"name":"wp","href":"https:\/\/api.w.org\/{rel}","templated":true}]}}