{"id":50268,"date":"2025-12-07T12:45:39","date_gmt":"2025-12-07T12:45:39","guid":{"rendered":"https:\/\/247stiri.ro\/index.php\/2025\/12\/07\/george-simion-mesaj-emotionant-in-ziua-alegerilor-locale-mama-m-a-rugat-sa-va-transmit-daca-nu-iesim-azi-la-vot-nu-avem-de-ce-sa-iesim-la-proteste-apoi\/"},"modified":"2025-12-07T12:45:39","modified_gmt":"2025-12-07T12:45:39","slug":"george-simion-mesaj-emotionant-in-ziua-alegerilor-locale-mama-m-a-rugat-sa-va-transmit-daca-nu-iesim-azi-la-vot-nu-avem-de-ce-sa-iesim-la-proteste-apoi","status":"publish","type":"post","link":"https:\/\/247stiri.ro\/index.php\/2025\/12\/07\/george-simion-mesaj-emotionant-in-ziua-alegerilor-locale-mama-m-a-rugat-sa-va-transmit-daca-nu-iesim-azi-la-vot-nu-avem-de-ce-sa-iesim-la-proteste-apoi\/","title":{"rendered":"George Simion, mesaj emo\u021bionant \u00een ziua alegerilor locale: \u201eMama m-a rugat s\u0103 v\u0103 transmit &#8211; dac\u0103 nu ie\u0219im azi la vot, nu avem de ce s\u0103 ie\u0219im la proteste apoi!\u201d"},"content":{"rendered":"<p>\u201eMama m-a rugat s\u0103 v\u0103 transmit: dac\u0103 nu ie\u0219im azi la vot nu avem de ce s\u0103 ie\u0219im la proteste apoi!\u201d, a scris George Simion pe pagina de Facebook.<\/p>\n<p>De asemenea, liderul suverani\u0219tilor rom\u00e2ni a denun\u021bat faptul c\u0103 la un post de televiziune se face campanie electoral\u0103 \u00een direct, chiar \u00een ziua votului, lucru care se afl\u0103 \u00een afara legii. \u201eDisperarea e mare, regulile nu exist\u0103 pentru ei!\u201d, a scris George Simion, prezent\u00e2nd imagini cu Ciprian Ciucu la t\u00e2rgul Gaudeamus difuzate de respectivul post tv.<\/p>\n\n<p>Declara\u021bia vine \u00een contextul scrutinului str\u00e2ns, unde candidata sus\u021binut\u0103 de AUR, Anca Alexandrescu, este cotat\u0103 \u00een topul sondajelor al\u0103turi de Daniel B\u0103lu\u021b\u0103 (PSD) \u0219i Ciprian Ciucu (PNL), iar prezen\u021ba la urne era sc\u0103zut\u0103 \u00een prima parte a zilei, vorbim despre pu\u021bin peste 17%, \u00een jurul orei 14:00.<\/p>\n<p>Peste 1,8 milioane de aleg\u0103tori din Bucure\u0219ti sunt chema\u021bi la vot p\u00e2n\u0103 la ora 21:00, \u00eentr-un context marcat de locul vacant l\u0103sat de Nicu\u0219or Dan, dup\u0103 ce a fost ales pe 18 mai pre\u0219edinte al Rom\u00e2niei.<\/p>","protected":false},"excerpt":{"rendered":"<p>\u201eMama m-a rugat s\u0103 v\u0103 transmit: dac\u0103 nu ie\u0219im azi la vot nu avem de&hellip;<\/p>\n","protected":false},"author":0,"featured_media":50257,"comment_status":"open","ping_status":"open","sticky":false,"template":"","format":"standard","meta":{"footnotes":""},"categories":[2],"tags":[],"class_list":["post-50268","post","type-post","status-publish","format-standard","has-post-thumbnail","hentry","category-actual"],"_links":{"self":[{"href":"https:\/\/247stiri.ro\/index.php\/wp-json\/wp\/v2\/posts\/50268","targetHints":{"allow":["GET"]}}],"collection":[{"href":"https:\/\/247stiri.ro\/index.php\/wp-json\/wp\/v2\/posts"}],"about":[{"href":"https:\/\/247stiri.ro\/index.php\/wp-json\/wp\/v2\/types\/post"}],"replies":[{"embeddable":true,"href":"https:\/\/247stiri.ro\/index.php\/wp-json\/wp\/v2\/comments?post=50268"}],"version-history":[{"count":0,"href":"https:\/\/247stiri.ro\/index.php\/wp-json\/wp\/v2\/posts\/50268\/revisions"}],"wp:featuredmedia":[{"embeddable":true,"href":"https:\/\/247stiri.ro\/index.php\/wp-json\/wp\/v2\/media\/50257"}],"wp:attachment":[{"href":"https:\/\/247stiri.ro\/index.php\/wp-json\/wp\/v2\/media?parent=50268"}],"wp:term":[{"taxonomy":"category","embeddable":true,"href":"https:\/\/247stiri.ro\/index.php\/wp-json\/wp\/v2\/categories?post=50268"},{"taxonomy":"post_tag","embeddable":true,"href":"https:\/\/247stiri.ro\/index.php\/wp-json\/wp\/v2\/tags?post=50268"}],"curies":[{"name":"wp","href":"https:\/\/api.w.org\/{rel}","templated":true}]}}