{"id":50269,"date":"2025-12-07T12:45:39","date_gmt":"2025-12-07T12:45:39","guid":{"rendered":"https:\/\/247stiri.ro\/index.php\/2025\/12\/07\/zeci-de-masini-au-fost-distruse-la-targu-jiu-politistii-au-deschis-o-ancheta-pentru-a-afla-cine-sunt-faptasii\/"},"modified":"2025-12-07T12:45:39","modified_gmt":"2025-12-07T12:45:39","slug":"zeci-de-masini-au-fost-distruse-la-targu-jiu-politistii-au-deschis-o-ancheta-pentru-a-afla-cine-sunt-faptasii","status":"publish","type":"post","link":"https:\/\/247stiri.ro\/index.php\/2025\/12\/07\/zeci-de-masini-au-fost-distruse-la-targu-jiu-politistii-au-deschis-o-ancheta-pentru-a-afla-cine-sunt-faptasii\/","title":{"rendered":"Zeci de ma\u0219ini au fost distruse la T\u00e2rgu Jiu. Poli\u021bi\u0219tii au deschis o anchet\u0103 pentru a afla cine sunt f\u0103pta\u0219ii"},"content":{"rendered":"<p>Inspectoratul de Poli\u0163ie Jude\u0163ean Gorj a informat c\u0103 poli\u0163i\u015fti din T\u00e2rgu Jiu au fost sesiza\u0163i, duminic\u0103 diminea\u0163\u0103, prin apel la 112, despre faptul c\u0103, pe strada Termocentralei din localitate, mai multe autoturisme au fost distruse.<\/p>\n<p>\u201dDin primele verific\u0103ri efectuate de poli\u0163i\u015ftii ajun\u015fi la fa\u0163a locului, a reie\u015fit faptul c\u0103 \u00een noaptea de 6 spre 7 decembrie a.c., persoane necunoscute ar fi distrus prin rupere \u015fi spargere, parbrize, geamuri laterale sau oglinzi laterale a 27 de autoturisme ce se aflau parcate pe strada Termocentralei \u015fi Aleea Digului\u201d, a ar\u0103tat IPJ Gorj.\u00a0Poli\u0163i\u015ftii au deschis un dosar de cercetare penal\u0103 pentru distrugere \u015fi fac cercet\u0103ri pentru identificarea suspec\u0163ilor.<a href=\"https:\/\/www.realitatea.net\/stiri\/actual\/un-autocar-cu-peste-70-de-persoane-la-bord-a-fost-implicat-intrun-accident-la-sinaia_69355929b0f08905924abd0f\" target=\"_blank\">Un autocar cu 71 de persoane la bord a fost implicat \u00eentr-un accident la Sinaia<\/a><\/p>","protected":false},"excerpt":{"rendered":"<p>Inspectoratul de Poli\u0163ie Jude\u0163ean Gorj a informat c\u0103 poli\u0163i\u015fti din T\u00e2rgu Jiu au fost sesiza\u0163i,&hellip;<\/p>\n","protected":false},"author":0,"featured_media":50270,"comment_status":"open","ping_status":"open","sticky":false,"template":"","format":"standard","meta":{"footnotes":""},"categories":[2],"tags":[],"class_list":["post-50269","post","type-post","status-publish","format-standard","has-post-thumbnail","hentry","category-actual"],"_links":{"self":[{"href":"https:\/\/247stiri.ro\/index.php\/wp-json\/wp\/v2\/posts\/50269","targetHints":{"allow":["GET"]}}],"collection":[{"href":"https:\/\/247stiri.ro\/index.php\/wp-json\/wp\/v2\/posts"}],"about":[{"href":"https:\/\/247stiri.ro\/index.php\/wp-json\/wp\/v2\/types\/post"}],"replies":[{"embeddable":true,"href":"https:\/\/247stiri.ro\/index.php\/wp-json\/wp\/v2\/comments?post=50269"}],"version-history":[{"count":0,"href":"https:\/\/247stiri.ro\/index.php\/wp-json\/wp\/v2\/posts\/50269\/revisions"}],"wp:featuredmedia":[{"embeddable":true,"href":"https:\/\/247stiri.ro\/index.php\/wp-json\/wp\/v2\/media\/50270"}],"wp:attachment":[{"href":"https:\/\/247stiri.ro\/index.php\/wp-json\/wp\/v2\/media?parent=50269"}],"wp:term":[{"taxonomy":"category","embeddable":true,"href":"https:\/\/247stiri.ro\/index.php\/wp-json\/wp\/v2\/categories?post=50269"},{"taxonomy":"post_tag","embeddable":true,"href":"https:\/\/247stiri.ro\/index.php\/wp-json\/wp\/v2\/tags?post=50269"}],"curies":[{"name":"wp","href":"https:\/\/api.w.org\/{rel}","templated":true}]}}