{"id":50271,"date":"2025-12-07T12:45:40","date_gmt":"2025-12-07T12:45:40","guid":{"rendered":"https:\/\/247stiri.ro\/index.php\/2025\/12\/07\/stelian-bujduveanu-prezent-la-votul-pentru-primaria-capitalei-stiu-foarte-bine-unde-se-afla-bucurestiul-acum-am-votat-pentru-experienta-si-parcursul-pro-european\/"},"modified":"2025-12-07T12:45:40","modified_gmt":"2025-12-07T12:45:40","slug":"stelian-bujduveanu-prezent-la-votul-pentru-primaria-capitalei-stiu-foarte-bine-unde-se-afla-bucurestiul-acum-am-votat-pentru-experienta-si-parcursul-pro-european","status":"publish","type":"post","link":"https:\/\/247stiri.ro\/index.php\/2025\/12\/07\/stelian-bujduveanu-prezent-la-votul-pentru-primaria-capitalei-stiu-foarte-bine-unde-se-afla-bucurestiul-acum-am-votat-pentru-experienta-si-parcursul-pro-european\/","title":{"rendered":"Stelian Bujduveanu, prezent la votul pentru Prim\u0103ria Capitalei: \u201e\u0218tiu foarte bine unde se afl\u0103 Bucure\u015ftiul acum. Am votat pentru experien\u0163\u0103 \u0219i parcursul pro-european\u201d"},"content":{"rendered":"<p>El a subliniat c\u0103 \u0219tie exact nevoile ora\u0219ului pentru a continua dinamica actual\u0103, pled\u00e2nd pentru experien\u021b\u0103 \u0219i parcursul pro-european, \u00een contextul unui mandat scurt p\u00e2n\u0103 \u00een 2028.\u200b<\/p>\n<p>Bujduveanu a avertizat c\u0103 acum nu este momentul pentru experimente, amintind de finan\u021b\u0103rile semnate recent de aproape 400 de milioane de euro pentru infrastructura de transport \u0219i termoficare, esen\u021biale pentru dezvoltarea Capitalei.\u00a0<\/p>\n<p>\u201e\u015etiu foarte bine unde se afl\u0103 Bucure\u015ftiul acum \u015fi de ce are nevoie pentru a merge \u00een aceea\u015fi dinamic\u0103, am votat pentru experien\u0163\u0103, pentru parcursul pro-european. Consider c\u0103 nu este momentul s\u0103 facem experimente, av\u00e2nd \u00een vedere c\u0103 este un mandat scurt, \u015fi trebuie s\u0103 alegem experien\u0163a pentru a duce Bucure\u015ftiul mai departe, av\u00e2nd \u00een vedere c\u0103 exist\u0103 finan\u0163\u0103ri semnate de aproape 400 de milioane de euro pentru infrastructura de transport \u015fi cea pentru infrastructura de termoficare.<\/p>\n<p>Mesajul meu este unul foarte clar \u015fi foarte direct: e un mandat scurt, avem nevoie de experien\u0163\u0103. Dac\u0103 iubi\u0163i Bucure\u015ftiul, v\u0103 \u00eencurajez \u015fi v\u0103 rog s\u0103 ie\u015fi\u0163i la vot, pentru c\u0103 este cel mai important lucru. Indiferent c\u0103 sunt alegeri par\u0163iale sau alegeri la termen, trebuie s\u0103 ne exercit\u0103m dreptul de vot, mai ales c\u0103 avem foarte mul\u0163i candida\u0163i \u015fi din estim\u0103ri se va c\u00e2\u015ftiga cu aproximativ 20 \u015fi ceva de procente, ar trebui s\u0103 ias\u0103 c\u00e2t mai mul\u0163i bucure\u015fteni la vot pentru a avea o legitimitate c\u00e2t mai mare primarul care va fi ales\u201d, a transmis Stelian Bujduveanu.<\/p>\n<p>Stelian Bujduveanu a fost contracandidatul direct al lui Ciprian Ciucu pentru Prim\u0103ria Capitalei \u00een competi\u021bia intern\u0103 din PNL.<\/p>\n<p>Chiar dac\u0103 peste 300.000 de bucure\u0219teni au votat p\u00e2n\u0103 la aceast\u0103 or\u0103, prezen\u021ba la urne r\u0103m\u00e2ne \u00een continuare una sc\u0103zut\u0103. Ca \u0219i procente, vorbim despre pu\u021bin peste 17%.\u00a0<\/p>","protected":false},"excerpt":{"rendered":"<p>El a subliniat c\u0103 \u0219tie exact nevoile ora\u0219ului pentru a continua dinamica actual\u0103, pled\u00e2nd pentru&hellip;<\/p>\n","protected":false},"author":0,"featured_media":50259,"comment_status":"open","ping_status":"open","sticky":false,"template":"","format":"standard","meta":{"footnotes":""},"categories":[2],"tags":[],"class_list":["post-50271","post","type-post","status-publish","format-standard","has-post-thumbnail","hentry","category-actual"],"_links":{"self":[{"href":"https:\/\/247stiri.ro\/index.php\/wp-json\/wp\/v2\/posts\/50271","targetHints":{"allow":["GET"]}}],"collection":[{"href":"https:\/\/247stiri.ro\/index.php\/wp-json\/wp\/v2\/posts"}],"about":[{"href":"https:\/\/247stiri.ro\/index.php\/wp-json\/wp\/v2\/types\/post"}],"replies":[{"embeddable":true,"href":"https:\/\/247stiri.ro\/index.php\/wp-json\/wp\/v2\/comments?post=50271"}],"version-history":[{"count":0,"href":"https:\/\/247stiri.ro\/index.php\/wp-json\/wp\/v2\/posts\/50271\/revisions"}],"wp:featuredmedia":[{"embeddable":true,"href":"https:\/\/247stiri.ro\/index.php\/wp-json\/wp\/v2\/media\/50259"}],"wp:attachment":[{"href":"https:\/\/247stiri.ro\/index.php\/wp-json\/wp\/v2\/media?parent=50271"}],"wp:term":[{"taxonomy":"category","embeddable":true,"href":"https:\/\/247stiri.ro\/index.php\/wp-json\/wp\/v2\/categories?post=50271"},{"taxonomy":"post_tag","embeddable":true,"href":"https:\/\/247stiri.ro\/index.php\/wp-json\/wp\/v2\/tags?post=50271"}],"curies":[{"name":"wp","href":"https:\/\/api.w.org\/{rel}","templated":true}]}}