{"id":50279,"date":"2025-12-07T12:45:43","date_gmt":"2025-12-07T12:45:43","guid":{"rendered":"https:\/\/247stiri.ro\/index.php\/2025\/12\/07\/un-tanar-fost-retinut-dupa-ce-a-furat-un-autoturism-l-a-condus-baut-si-a-produs-un-accident-la-eforie-sud\/"},"modified":"2025-12-07T12:45:43","modified_gmt":"2025-12-07T12:45:43","slug":"un-tanar-fost-retinut-dupa-ce-a-furat-un-autoturism-l-a-condus-baut-si-a-produs-un-accident-la-eforie-sud","status":"publish","type":"post","link":"https:\/\/247stiri.ro\/index.php\/2025\/12\/07\/un-tanar-fost-retinut-dupa-ce-a-furat-un-autoturism-l-a-condus-baut-si-a-produs-un-accident-la-eforie-sud\/","title":{"rendered":"Un t\u00e2n\u0103r fost re\u021binut dup\u0103 ce a furat un autoturism, l-a condus b\u0103ut \u0219i a produs un accident la Eforie Sud"},"content":{"rendered":"<p>Conform sursei citate, \u00een urma cercet\u0103rilor \u00eentr-un dosar penal privind infrac\u021biunile de furt \u00een scop de folosin\u021b\u0103, conducere sub influen\u021ba b\u0103uturilor alcoolice \u0219i conducere f\u0103r\u0103 permis, lucr\u0103torii Poli\u021biei ora\u0219ului Eforie, sub coordonarea Parchetului de pe l\u00e2ng\u0103 Judec\u0103toria Constan\u021ba, au re\u021binut un b\u0103rbat, de 20 de ani, suspectat de comiterea faptelor.&#8221;Din cercet\u0103ri a reie\u0219it faptul c\u0103, \u00een noaptea de 5\/6 decembrie a.c., cel \u00een cauz\u0103 ar fi sustras un autoturism, de pe o strad\u0103 din localitatea Eforie Sud, pe care l-ar fi condus pe mai multe str\u0103zi, dup\u0103 care ar fi intrat \u00een coliziune cu un autoturism care se afla parcat, rezult\u00e2nd pagube materiale. B\u0103rbatul a fost identificat, \u00een scurt timp, de c\u0103tre poli\u021bi\u0219ti, iar din verific\u0103ri a reie\u0219it faptul c\u0103 acesta nu posed\u0103 permis de conducere pentru nicio categorie de vehicule. De asemenea, \u00een urma test\u0103rii cu aparatul etilotest a rezultat o valoare de 0,93 mg\/l alcool pur \u00een aerul expirat, acesta fiind condus la spital pentru recoltarea de probe biologice \u00een vederea stabilirii alcoolemiei \u00een s\u00e2nge&#8221;, se arat\u0103 \u00een comunicatul transmis de IPJ Constan\u021ba.Suspectul a fost re\u021binut pentru 24 de ore, urm\u00e2nd ca \u00een ziua \u00een curs s\u0103 fie prezentat procurorului de caz, cu propunere de sesizare a instan\u021bei de judecat\u0103 \u00een vederea arest\u0103rii preventive pentru 30 de zile<\/p>","protected":false},"excerpt":{"rendered":"<p>Conform sursei citate, \u00een urma cercet\u0103rilor \u00eentr-un dosar penal privind infrac\u021biunile de furt \u00een scop&hellip;<\/p>\n","protected":false},"author":0,"featured_media":50280,"comment_status":"open","ping_status":"open","sticky":false,"template":"","format":"standard","meta":{"footnotes":""},"categories":[2],"tags":[],"class_list":["post-50279","post","type-post","status-publish","format-standard","has-post-thumbnail","hentry","category-actual"],"_links":{"self":[{"href":"https:\/\/247stiri.ro\/index.php\/wp-json\/wp\/v2\/posts\/50279","targetHints":{"allow":["GET"]}}],"collection":[{"href":"https:\/\/247stiri.ro\/index.php\/wp-json\/wp\/v2\/posts"}],"about":[{"href":"https:\/\/247stiri.ro\/index.php\/wp-json\/wp\/v2\/types\/post"}],"replies":[{"embeddable":true,"href":"https:\/\/247stiri.ro\/index.php\/wp-json\/wp\/v2\/comments?post=50279"}],"version-history":[{"count":0,"href":"https:\/\/247stiri.ro\/index.php\/wp-json\/wp\/v2\/posts\/50279\/revisions"}],"wp:featuredmedia":[{"embeddable":true,"href":"https:\/\/247stiri.ro\/index.php\/wp-json\/wp\/v2\/media\/50280"}],"wp:attachment":[{"href":"https:\/\/247stiri.ro\/index.php\/wp-json\/wp\/v2\/media?parent=50279"}],"wp:term":[{"taxonomy":"category","embeddable":true,"href":"https:\/\/247stiri.ro\/index.php\/wp-json\/wp\/v2\/categories?post=50279"},{"taxonomy":"post_tag","embeddable":true,"href":"https:\/\/247stiri.ro\/index.php\/wp-json\/wp\/v2\/tags?post=50279"}],"curies":[{"name":"wp","href":"https:\/\/api.w.org\/{rel}","templated":true}]}}