{"id":50305,"date":"2025-12-07T15:45:06","date_gmt":"2025-12-07T15:45:06","guid":{"rendered":"https:\/\/247stiri.ro\/index.php\/2025\/12\/07\/ion-cristoiu-diagnostic-necrutator-dupa-prezenta-extrem-de-scazuta-la-alegerile-din-bucuresti-n-am-mai-vazut-niciodata-o-asemenea-lehamite\/"},"modified":"2025-12-07T15:45:06","modified_gmt":"2025-12-07T15:45:06","slug":"ion-cristoiu-diagnostic-necrutator-dupa-prezenta-extrem-de-scazuta-la-alegerile-din-bucuresti-n-am-mai-vazut-niciodata-o-asemenea-lehamite","status":"publish","type":"post","link":"https:\/\/247stiri.ro\/index.php\/2025\/12\/07\/ion-cristoiu-diagnostic-necrutator-dupa-prezenta-extrem-de-scazuta-la-alegerile-din-bucuresti-n-am-mai-vazut-niciodata-o-asemenea-lehamite\/","title":{"rendered":"Ion Cristoiu, diagnostic necru\u021b\u0103tor dup\u0103 prezen\u021ba extrem de sc\u0103zut\u0103 la alegerile din Bucure\u0219ti: N-am mai v\u0103zut niciodat\u0103 o asemenea lehamite"},"content":{"rendered":"<p>\u201eNu seam\u0103n\u0103 cu niciun scrutin. Ziua aceasta de alegeri nu m-a interesat nici ca cet\u0103\u021bean, nici ca jurnalist, pentru c\u0103 din 1990 p\u00e2n\u0103 \u00een prezent n-am mai v\u0103zut asemenea lehamite. Nu cred c\u0103 este de vin\u0103 vremea sau campania, ci de faptul c\u0103 bucure\u0219tenii nu au fost convin\u0219i c\u0103 votul lor conteaz\u0103. A\u0219a c\u0103 au ie\u0219it la \u00eent\u00e2mplare, unii din plictiseal\u0103, al\u021bii din loialitate fa\u021b\u0103 de candida\u021bii prefera\u021bi\u201d, a declarat Cristoiu.<\/p>\n<p>Analistul a subliniat c\u0103 se a\u0219tepta ca aceste alegeri s\u0103 st\u00e2rneasc\u0103 interesul comparabil cu cel al unor preziden\u021biale anticipate, \u00eens\u0103 prezen\u021ba slab\u0103 arat\u0103 contrariul. \u201eM\u0103 a\u0219teptam ca aceste alegeri s\u0103 aib\u0103 interesul unor alegeri preziden\u021biale anticipate, dar prezen\u021ba aceasta slab\u0103 arat\u0103 clar c\u0103 nu s-a reu\u0219it\u201d, a punctat el.<\/p>\n<p>\u00cen opinia sa, principala cauz\u0103 a absenteismului este ne\u00eencrederea \u00een for\u021ba votului. \u201eS\u0103 nu uit\u0103m c\u0103 venim dup\u0103 anularea alegerilor, dup\u0103 campania pentru repetarea preziden\u021bialelor \u0219i dup\u0103 c\u00e2teva luni \u00een care actualul pre\u0219edinte Nicu\u0219or Dan a reu\u0219it s\u0103-\u0219i dezam\u0103geasc\u0103 p\u00e2n\u0103 \u0219i propriul electorat\u201d, a mai spus Cristoiu.<\/p>","protected":false},"excerpt":{"rendered":"<p>\u201eNu seam\u0103n\u0103 cu niciun scrutin. Ziua aceasta de alegeri nu m-a interesat nici ca cet\u0103\u021bean,&hellip;<\/p>\n","protected":false},"author":0,"featured_media":50304,"comment_status":"open","ping_status":"open","sticky":false,"template":"","format":"standard","meta":{"footnotes":""},"categories":[2],"tags":[],"class_list":["post-50305","post","type-post","status-publish","format-standard","has-post-thumbnail","hentry","category-actual"],"_links":{"self":[{"href":"https:\/\/247stiri.ro\/index.php\/wp-json\/wp\/v2\/posts\/50305","targetHints":{"allow":["GET"]}}],"collection":[{"href":"https:\/\/247stiri.ro\/index.php\/wp-json\/wp\/v2\/posts"}],"about":[{"href":"https:\/\/247stiri.ro\/index.php\/wp-json\/wp\/v2\/types\/post"}],"replies":[{"embeddable":true,"href":"https:\/\/247stiri.ro\/index.php\/wp-json\/wp\/v2\/comments?post=50305"}],"version-history":[{"count":0,"href":"https:\/\/247stiri.ro\/index.php\/wp-json\/wp\/v2\/posts\/50305\/revisions"}],"wp:featuredmedia":[{"embeddable":true,"href":"https:\/\/247stiri.ro\/index.php\/wp-json\/wp\/v2\/media\/50304"}],"wp:attachment":[{"href":"https:\/\/247stiri.ro\/index.php\/wp-json\/wp\/v2\/media?parent=50305"}],"wp:term":[{"taxonomy":"category","embeddable":true,"href":"https:\/\/247stiri.ro\/index.php\/wp-json\/wp\/v2\/categories?post=50305"},{"taxonomy":"post_tag","embeddable":true,"href":"https:\/\/247stiri.ro\/index.php\/wp-json\/wp\/v2\/tags?post=50305"}],"curies":[{"name":"wp","href":"https:\/\/api.w.org\/{rel}","templated":true}]}}