{"id":50323,"date":"2025-12-07T16:45:18","date_gmt":"2025-12-07T16:45:18","guid":{"rendered":"https:\/\/247stiri.ro\/index.php\/2025\/12\/07\/ministrul-polonez-de-externe-l-a-trimis-pe-elon-musk-pe-marte-au-sarit-scantei-in-schimbul-de-replici-online-dintre-cei-doi\/"},"modified":"2025-12-07T16:45:18","modified_gmt":"2025-12-07T16:45:18","slug":"ministrul-polonez-de-externe-l-a-trimis-pe-elon-musk-pe-marte-au-sarit-scantei-in-schimbul-de-replici-online-dintre-cei-doi","status":"publish","type":"post","link":"https:\/\/247stiri.ro\/index.php\/2025\/12\/07\/ministrul-polonez-de-externe-l-a-trimis-pe-elon-musk-pe-marte-au-sarit-scantei-in-schimbul-de-replici-online-dintre-cei-doi\/","title":{"rendered":"Ministrul polonez de Externe l-a trimis pe Elon Musk pe Marte. Au s\u0103rit sc\u00e2ntei \u00een schimbul de replici online dintre cei doi"},"content":{"rendered":"<p>Ministrul de externe al Poloniei, Rados\u0142aw Sikorski, a r\u0103spuns pe re\u021belele sociale la ideea lansat\u0103 de Elon Musk privind abolirea Uniunii Europene, folosind un ton t\u0103ios \u0219i o formulare menit\u0103 s\u0103 provoace. \u201eDu-te pe Marte. Acolo nu exist\u0103 cenzur\u0103 pentru saluturile naziste\u201d, a transmis Sikorski, reac\u021bion\u00e2nd la declara\u021biile miliardarului american \u0219i marc\u00e2nd pozi\u021bia Var\u0219oviei \u00een disputa st\u00e2rnit\u0103 de comentariile acestuia.<\/p>\n<p>Mesajul lui Sikorski a fost publicat ca replic\u0103 direct\u0103 la interven\u021biile lui Musk pe tema institu\u021biilor europene, \u00een contextul unor tensiuni crescute \u00eentre Bruxelles \u0219i antreprenorul din tehnologie.<\/p>\n<p>\u201eC\u00e2t mai a\u0219tept\u0103m p\u00e2n\u0103 ca UE s\u0103 dispar\u0103?\u201d era postarea original\u0103 a miliardarului, care l-a \u00eenfuriat pe oficialul polonez.\u00a0<\/p>\n\n<p>Declara\u021biile lui Elon Musk \u0219i contextul amenzilor<\/p>\n<p>Pe 6 decembrie, fondatorul SpaceX \u0219i proprietarul Tesla a sugerat desfiin\u021barea Uniunii Europene \u0219i transferul competen\u021belor sale c\u0103tre guvernele na\u021bionale. Interven\u021bia a venit dup\u0103 ce Comisia European\u0103 l-a sanc\u021bionat cu 120 de milioane de euro pentru \u00eenc\u0103lcarea prevederilor din Legea serviciilor digitale. Musk a sus\u021binut c\u0103 aparatul birocratic european \u201estranguleaz\u0103 \u00eencet Europa p\u00e2n\u0103 la moarte\u201d, iar imediat dup\u0103 aceea, pagina sa a fost inundat\u0103 de post\u0103ri critice la adresa UE, unele \u00eenso\u021bite de hashtagul \u201eAbolishTheEU\/Aboli\u021biUE\u201d. Ulterior, Musk a redistribuit o postare \u00een care Europa era numit\u0103 \u201eAl Patrulea Reich\u201d, ad\u0103ug\u00e2nd \u00een comentariu: \u201e\u00cen mare m\u0103sur\u0103\u201d.<\/p>\n<p>Reac\u021bii online \u0219i gesturi controversate atribuite lui Musk<\/p>\n<p>\u00cen ianuarie, \u00een timpul ceremoniei de inaugurare a pre\u0219edintelui american Donald Trump, Musk ar fi f\u0103cut de dou\u0103 ori un gest care aminte\u0219te de salutul fascist tradi\u021bional, fapt consemnat de observatori ca motiv de controvers\u0103 suplimentar\u0103.<\/p>\n\n<p>Escaladarea polemicii dintre Musk \u0219i Bruxelles<\/p>\n<p>Dup\u0103 amenda anun\u021bat\u0103 de Comisia European\u0103, schimbul de replici a devenit intens, Musk acuz\u00e2nd institu\u021biile UE de suprareglementare \u0219i de blocarea inov\u0103rii prin mecanisme birocratice considerate excesive. Pe de alt\u0103 parte, lideri politici din mai multe state, inclusiv Polonia, au reac\u021bionat prin mesaje ferme, subliniind c\u0103 regimul european de conformitate digital\u0103 urm\u0103re\u0219te protejarea utilizatorilor, transparen\u021ba \u0219i combaterea abuzurilor. \u00cen cadrul acestei confrunt\u0103ri, interven\u021biile publice, redistribuirile \u0219i comentariile de pe platformele sociale au func\u021bionat ca acceleratori ai dezbaterii, cu ecouri \u00een presa interna\u021bional\u0103 \u0219i \u00een r\u00e2ndul comunit\u0103\u021bilor online care urm\u0103resc evolu\u021biile la intersec\u021bia tehnologie\u2013politic\u0103.<\/p>\n<p><a title=\"Adjunctul lui Marco Rubio a pus tunurile pe Uniunea Europeana din cauza amenzii de 120 milioane de euro pentru Elon Musk\" href=\"https:\/\/www.realitatea.net\/stiri\/actual\/adjunctul-lui-marco-rubio-a-pus-tunurile-pe-uniunea-europeana-din-cauza-amenzii-de-120-milioane-de-euro-pentru-elon-musk_693585044989a3512633b3c2\">Adjunctul lui Marco Rubio a pus tunurile pe Uniunea European\u0103 din cauza amenzii de 120 milioane de euro pentru Elon Musk<\/a><\/p>","protected":false},"excerpt":{"rendered":"<p>Ministrul de externe al Poloniei, Rados\u0142aw Sikorski, a r\u0103spuns pe re\u021belele sociale la ideea lansat\u0103&hellip;<\/p>\n","protected":false},"author":0,"featured_media":50311,"comment_status":"open","ping_status":"open","sticky":false,"template":"","format":"standard","meta":{"footnotes":""},"categories":[2],"tags":[],"class_list":["post-50323","post","type-post","status-publish","format-standard","has-post-thumbnail","hentry","category-actual"],"_links":{"self":[{"href":"https:\/\/247stiri.ro\/index.php\/wp-json\/wp\/v2\/posts\/50323","targetHints":{"allow":["GET"]}}],"collection":[{"href":"https:\/\/247stiri.ro\/index.php\/wp-json\/wp\/v2\/posts"}],"about":[{"href":"https:\/\/247stiri.ro\/index.php\/wp-json\/wp\/v2\/types\/post"}],"replies":[{"embeddable":true,"href":"https:\/\/247stiri.ro\/index.php\/wp-json\/wp\/v2\/comments?post=50323"}],"version-history":[{"count":0,"href":"https:\/\/247stiri.ro\/index.php\/wp-json\/wp\/v2\/posts\/50323\/revisions"}],"wp:featuredmedia":[{"embeddable":true,"href":"https:\/\/247stiri.ro\/index.php\/wp-json\/wp\/v2\/media\/50311"}],"wp:attachment":[{"href":"https:\/\/247stiri.ro\/index.php\/wp-json\/wp\/v2\/media?parent=50323"}],"wp:term":[{"taxonomy":"category","embeddable":true,"href":"https:\/\/247stiri.ro\/index.php\/wp-json\/wp\/v2\/categories?post=50323"},{"taxonomy":"post_tag","embeddable":true,"href":"https:\/\/247stiri.ro\/index.php\/wp-json\/wp\/v2\/tags?post=50323"}],"curies":[{"name":"wp","href":"https:\/\/api.w.org\/{rel}","templated":true}]}}