{"id":50351,"date":"2025-12-07T19:44:54","date_gmt":"2025-12-07T19:44:54","guid":{"rendered":"https:\/\/247stiri.ro\/index.php\/2025\/12\/07\/o-noua-gafa-a-lui-nicusor-dan-presedintele-s-a-ratacit-la-vot-in-lupta-cu-perdeaua-cabinei\/"},"modified":"2025-12-07T19:44:54","modified_gmt":"2025-12-07T19:44:54","slug":"o-noua-gafa-a-lui-nicusor-dan-presedintele-s-a-ratacit-la-vot-in-lupta-cu-perdeaua-cabinei","status":"publish","type":"post","link":"https:\/\/247stiri.ro\/index.php\/2025\/12\/07\/o-noua-gafa-a-lui-nicusor-dan-presedintele-s-a-ratacit-la-vot-in-lupta-cu-perdeaua-cabinei\/","title":{"rendered":"O nou\u0103 gaf\u0103 a lui Nicu\u0219or Dan. Pre\u0219edintele s-a r\u0103t\u0103cit la vot, \u00een \u201elupt\u0103\u201d cu perdeaua cabinei"},"content":{"rendered":"<p>Alegerile pentru Prim\u0103ria Capitalei au adus nu doar emo\u021bii politice, ci \u0219i \u00eenc\u0103 o gaf\u0103 oferit\u0103 de \u0219eful statului.\u00a0<\/p>\n<p>\u00cen ziua decisiv\u0103 pentru Prim\u0103ria Capitalei, Nicu\u0219or Dan a reu\u0219it s\u0103 transforme cabina de vot \u00eentr-un obstacol nea\u0219teptat. Imaginile surprinse \u00eel arat\u0103 cum se chinuie s\u0103 g\u0103seasc\u0103 ie\u0219irea, perdeaua devenind pentru c\u00e2teva clipe un adversar greu de \u00eenvins. Momentul a p\u0103rut mai degrab\u0103 o demonstra\u021bie de ne\u00eendem\u00e2nare dec\u00e2t un gest banal la vot.<\/p>\n<p><a title=\"@gandul_ro\" href=\"https:\/\/www.tiktok.com\/@gandul_ro?refer=embed\" target=\"_blank\">@gandul_ro<\/a> Nicusor Dan s-a r\u0103t\u0103cit \u00een cabina de vot! <a title=\"nicusordan\" href=\"https:\/\/www.tiktok.com\/tag\/nicusordan?refer=embed\" target=\"_blank\">#nicusordan<\/a> <a title=\"bucuresti\" href=\"https:\/\/www.tiktok.com\/tag\/bucuresti?refer=embed\" target=\"_blank\">#bucuresti<\/a> <a title=\"alegeri\" href=\"https:\/\/www.tiktok.com\/tag\/alegeri?refer=embed\" target=\"_blank\">#alegeri<\/a> <a title=\"romania\" href=\"https:\/\/www.tiktok.com\/tag\/romania?refer=embed\" target=\"_blank\">#romania<\/a> <a title=\"gandul\" href=\"https:\/\/www.tiktok.com\/tag\/gandul?refer=embed\" target=\"_blank\">#gandul<\/a> <a title=\"\u266c original sound - Gandul Romania\" href=\"https:\/\/www.tiktok.com\/music\/original-sound-7581075956368296726?refer=embed\" target=\"_blank\">\u266c original sound &#8211; Gandul Romania<\/a><\/p>\n<p>Dup\u0103 ce a reu\u0219it s\u0103 ias\u0103 din cabina \u201erebel\u0103\u201d, edilul a fost \u00eent\u00e2mpinat de jurnali\u0219ti. \u00centrebat despre vot, a r\u0103spuns cu o sinceritate dezarmant\u0103: \u201eNu am mai votat de mult timp pentru altcineva \u00een afar\u0103 de mine\u201d, \u00eenso\u021bind replica de un r\u00e2s scurt.<\/p>\n<p><a title=\"Nicusor Dan, vizita oficiala in Franta: intalniri cu Emmanuel Macron si Anne Hidalgo\" href=\"https:\/\/www.realitatea.net\/stiri\/politica\/nicusor-dan-vizita-oficiala-in-franta-intalniri-cu-emmanuel-macron-si-anne-hidalgo_69356be6faed7f5ffe2f01d2\">Nicu\u015for Dan, vizit\u0103 oficial\u0103 \u00een Fran\u0163a: \u00eent\u00e2lniri cu Emmanuel Macron \u015fi Anne Hidalgo<\/a><\/p>","protected":false},"excerpt":{"rendered":"<p>Alegerile pentru Prim\u0103ria Capitalei au adus nu doar emo\u021bii politice, ci \u0219i \u00eenc\u0103 o gaf\u0103&hellip;<\/p>\n","protected":false},"author":0,"featured_media":50352,"comment_status":"open","ping_status":"open","sticky":false,"template":"","format":"standard","meta":{"footnotes":""},"categories":[2],"tags":[],"class_list":["post-50351","post","type-post","status-publish","format-standard","has-post-thumbnail","hentry","category-actual"],"_links":{"self":[{"href":"https:\/\/247stiri.ro\/index.php\/wp-json\/wp\/v2\/posts\/50351","targetHints":{"allow":["GET"]}}],"collection":[{"href":"https:\/\/247stiri.ro\/index.php\/wp-json\/wp\/v2\/posts"}],"about":[{"href":"https:\/\/247stiri.ro\/index.php\/wp-json\/wp\/v2\/types\/post"}],"replies":[{"embeddable":true,"href":"https:\/\/247stiri.ro\/index.php\/wp-json\/wp\/v2\/comments?post=50351"}],"version-history":[{"count":0,"href":"https:\/\/247stiri.ro\/index.php\/wp-json\/wp\/v2\/posts\/50351\/revisions"}],"wp:featuredmedia":[{"embeddable":true,"href":"https:\/\/247stiri.ro\/index.php\/wp-json\/wp\/v2\/media\/50352"}],"wp:attachment":[{"href":"https:\/\/247stiri.ro\/index.php\/wp-json\/wp\/v2\/media?parent=50351"}],"wp:term":[{"taxonomy":"category","embeddable":true,"href":"https:\/\/247stiri.ro\/index.php\/wp-json\/wp\/v2\/categories?post=50351"},{"taxonomy":"post_tag","embeddable":true,"href":"https:\/\/247stiri.ro\/index.php\/wp-json\/wp\/v2\/tags?post=50351"}],"curies":[{"name":"wp","href":"https:\/\/api.w.org\/{rel}","templated":true}]}}