{"id":50361,"date":"2025-12-07T20:44:56","date_gmt":"2025-12-07T20:44:56","guid":{"rendered":"https:\/\/247stiri.ro\/index.php\/2025\/12\/07\/programul-se-inchide-clarificari-oficiale-despre-incetarea-activitatii-birourilor-electorale\/"},"modified":"2025-12-07T20:44:56","modified_gmt":"2025-12-07T20:44:56","slug":"programul-se-inchide-clarificari-oficiale-despre-incetarea-activitatii-birourilor-electorale","status":"publish","type":"post","link":"https:\/\/247stiri.ro\/index.php\/2025\/12\/07\/programul-se-inchide-clarificari-oficiale-despre-incetarea-activitatii-birourilor-electorale\/","title":{"rendered":"Programul se \u00eenchide. Clarific\u0103ri oficiale despre \u00eencetarea activit\u0103\u021bii birourilor electorale"},"content":{"rendered":"<p>Preciz\u0103rile sunt f\u0103cute de Biroul Electoral Municipal \u00eentr-o hot\u0103r\u00e2re adoptat\u0103 duminic\u0103.Potrivit BEM, oficiile electorale de sector \u00ee\u0219i \u00eenceteaz\u0103 activitatea la data de 11 decembrie, ora 23:59.Acestea asigur\u0103 rela\u021bia cu publicul \u0219i \u00eenregistreaz\u0103 solicit\u0103rile, \u00eent\u00e2mpin\u0103rile \u0219i contesta\u021biile recep\u021bionate cel mai t\u00e2rziu p\u00e2n\u0103 la data de 10 decembrie, ora 17:00, pe care le solu\u021bioneaz\u0103 p\u00e2n\u0103 la momentul \u00eencet\u0103rii activit\u0103\u021bii.Oficiile electorale de sector definitiveaz\u0103 procedurile de corectare a proceselor-verbale, de \u00eenc\u0103rcare a documentelor \u00een SICPV \u0219i de \u00eenaintare a documentelor originale c\u0103tre Biroul Electoral de Circumscrip\u021bie Nr. 42 &#8211; Municipiul Bucure\u0219ti, c\u0103tre Autoritatea Electoral\u0103 Permanent\u0103 \u0219i c\u0103tre instan\u021be de judecat\u0103, dac\u0103 este cazul, p\u00e2n\u0103 la data de 10 decembrie, ora 23:59.Activitatea Biroului Electoral de Circumscrip\u021bie nr. 42 va \u00eenceta la 24 de ore dup\u0103 publicarea \u00een Monitorul Oficial al Municipiului Bucure\u0219ti a rezultatului alegerilor locale par\u021biale pentru primarul general al Capitalei.<\/p>\n<p><a title=\"AUR a cerut renumararea voturilor in mai multe sectii de votare din Bucuresti\" href=\"https:\/\/www.realitatea.net\/stiri\/ultimele-stiri\/aur-a-cerut-renumararea-voturilor-dintro-sectie-din-bucuresti_6935df164ad801600901b2d8\">AUR a cerut renum\u0103rarea voturilor \u00een mai multe sec\u021bii de votare din Bucure\u0219ti<\/a><\/p>","protected":false},"excerpt":{"rendered":"<p>Preciz\u0103rile sunt f\u0103cute de Biroul Electoral Municipal \u00eentr-o hot\u0103r\u00e2re adoptat\u0103 duminic\u0103.Potrivit BEM, oficiile electorale de&hellip;<\/p>\n","protected":false},"author":0,"featured_media":50362,"comment_status":"open","ping_status":"open","sticky":false,"template":"","format":"standard","meta":{"footnotes":""},"categories":[2],"tags":[],"class_list":["post-50361","post","type-post","status-publish","format-standard","has-post-thumbnail","hentry","category-actual"],"_links":{"self":[{"href":"https:\/\/247stiri.ro\/index.php\/wp-json\/wp\/v2\/posts\/50361","targetHints":{"allow":["GET"]}}],"collection":[{"href":"https:\/\/247stiri.ro\/index.php\/wp-json\/wp\/v2\/posts"}],"about":[{"href":"https:\/\/247stiri.ro\/index.php\/wp-json\/wp\/v2\/types\/post"}],"replies":[{"embeddable":true,"href":"https:\/\/247stiri.ro\/index.php\/wp-json\/wp\/v2\/comments?post=50361"}],"version-history":[{"count":0,"href":"https:\/\/247stiri.ro\/index.php\/wp-json\/wp\/v2\/posts\/50361\/revisions"}],"wp:featuredmedia":[{"embeddable":true,"href":"https:\/\/247stiri.ro\/index.php\/wp-json\/wp\/v2\/media\/50362"}],"wp:attachment":[{"href":"https:\/\/247stiri.ro\/index.php\/wp-json\/wp\/v2\/media?parent=50361"}],"wp:term":[{"taxonomy":"category","embeddable":true,"href":"https:\/\/247stiri.ro\/index.php\/wp-json\/wp\/v2\/categories?post=50361"},{"taxonomy":"post_tag","embeddable":true,"href":"https:\/\/247stiri.ro\/index.php\/wp-json\/wp\/v2\/tags?post=50361"}],"curies":[{"name":"wp","href":"https:\/\/api.w.org\/{rel}","templated":true}]}}