{"id":50364,"date":"2025-12-07T20:44:58","date_gmt":"2025-12-07T20:44:58","guid":{"rendered":"https:\/\/247stiri.ro\/index.php\/2025\/12\/07\/ana-ciceala-mesaj-dupa-afisarea-rezultatelor-partiale\/"},"modified":"2025-12-07T20:44:58","modified_gmt":"2025-12-07T20:44:58","slug":"ana-ciceala-mesaj-dupa-afisarea-rezultatelor-partiale","status":"publish","type":"post","link":"https:\/\/247stiri.ro\/index.php\/2025\/12\/07\/ana-ciceala-mesaj-dupa-afisarea-rezultatelor-partiale\/","title":{"rendered":"Ana Ciceal\u0103, mesaj dup\u0103 afi\u0219area rezultatelor par\u021biale"},"content":{"rendered":"<p>\u201dPentru noi, una dintre mizele acestor alegeri a fost s\u0103 punem pe mas\u0103 subiecte pe care Bucure\u0219tiul, dar \u0219i alte ora\u0219e din Rom\u00e2nia le evit\u0103 de foarte mul\u021bi ani: costul vie\u021bii, care zdrobe\u0219te familii \u00eentregi; criza locuirii, pe care o simte fiecare t\u00e2n\u0103r \u0219i fiecare p\u0103rinte; consolid\u0103rile cl\u0103dirilor cu risc seismic &#8211; o bomb\u0103 care pic\u0103 peste capetele noastre, aici, \u00een Bucure\u0219ti; un Bucure\u0219ti verde pe care vrem s\u0103 \u00eel construim; un Bucure\u0219ti al speran\u021bei, al \u00eencrederii \u0219i un vot pozitiv, nu un vot pentru r\u0103ul cel mai mic\u201d, a afirmat ea, dup\u0103 publicarea exit-poll-urilor.Astfel, a sus\u021binut Ana-Maria Ciceal\u0103, campania a fost o ocazie de a aduce un &#8216;proiect nou \u00eentr-o lume politic\u0103 care a r\u0103mas \u00een\u021bepenit\u0103 \u00een ideile altui secol&#8217;.\u201dAst\u0103zi, aceste teme sunt \u00een sf\u00e2r\u0219it pe agenda ora\u0219ului \u0219i vor fi \u0219i pe agenda altor ora\u0219e din Rom\u00e2nia. Asta se datoreaz\u0103 vou\u0103, celor care a\u021bi crezut c\u0103 politica nu trebuie s\u0103 r\u0103m\u00e2n\u0103 captiv\u0103 \u00een temele trecutului (&#8230;). Sondajele au observat, chiar dac\u0103 au fost folosite pentru a manipula \u0219i chiar dac\u0103 prin a\u0219a-zisul vot util ne-au afectat, poate, o s\u0103 vedem dup\u0103 ce se num\u0103r\u0103 voturile, \u0219i rezultatul de ast\u0103zi, anume problemele pe care am reu\u0219it s\u0103 le punem pe agenda public\u0103 au rezonat cu cei mai tineri dintre votan\u021bii ora\u0219ului nostru\u201d, a ar\u0103tat candidata SENS.<\/p>\n<p><a title='George Simion: ,,Cred ca un prim obiectiv poate fi bifat ca si indeplinit, ca suntem parte a societatii bucurestene\"' href=\"https:\/\/www.realitatea.net\/stiri\/actual\/george-simion-cred-ca-un-prim-obiectiv-poate-fi-bifat-ca-si-indeplinit-ca-suntem-parte-a-societatii-bucurestene_6935d49f2e20a64bef7999c2\">George Simion: \u201eCred c\u0103 un prim obiectiv poate fi bifat ca \u0219i \u00eendeplinit, c\u0103 suntem parte a societ\u0103\u021bii bucure\u0219tene\u201d<\/a><\/p>","protected":false},"excerpt":{"rendered":"<p>\u201dPentru noi, una dintre mizele acestor alegeri a fost s\u0103 punem pe mas\u0103 subiecte pe&hellip;<\/p>\n","protected":false},"author":0,"featured_media":50358,"comment_status":"open","ping_status":"open","sticky":false,"template":"","format":"standard","meta":{"footnotes":""},"categories":[2],"tags":[],"class_list":["post-50364","post","type-post","status-publish","format-standard","has-post-thumbnail","hentry","category-actual"],"_links":{"self":[{"href":"https:\/\/247stiri.ro\/index.php\/wp-json\/wp\/v2\/posts\/50364","targetHints":{"allow":["GET"]}}],"collection":[{"href":"https:\/\/247stiri.ro\/index.php\/wp-json\/wp\/v2\/posts"}],"about":[{"href":"https:\/\/247stiri.ro\/index.php\/wp-json\/wp\/v2\/types\/post"}],"replies":[{"embeddable":true,"href":"https:\/\/247stiri.ro\/index.php\/wp-json\/wp\/v2\/comments?post=50364"}],"version-history":[{"count":0,"href":"https:\/\/247stiri.ro\/index.php\/wp-json\/wp\/v2\/posts\/50364\/revisions"}],"wp:featuredmedia":[{"embeddable":true,"href":"https:\/\/247stiri.ro\/index.php\/wp-json\/wp\/v2\/media\/50358"}],"wp:attachment":[{"href":"https:\/\/247stiri.ro\/index.php\/wp-json\/wp\/v2\/media?parent=50364"}],"wp:term":[{"taxonomy":"category","embeddable":true,"href":"https:\/\/247stiri.ro\/index.php\/wp-json\/wp\/v2\/categories?post=50364"},{"taxonomy":"post_tag","embeddable":true,"href":"https:\/\/247stiri.ro\/index.php\/wp-json\/wp\/v2\/tags?post=50364"}],"curies":[{"name":"wp","href":"https:\/\/api.w.org\/{rel}","templated":true}]}}