{"id":50368,"date":"2025-12-07T21:44:58","date_gmt":"2025-12-07T21:44:58","guid":{"rendered":"https:\/\/247stiri.ro\/index.php\/2025\/12\/07\/anca-alexandrescu-dedic-acest-rezultat-foarte-bun-tatalui-meu-george-simion-scorul-foarte-bun-din-bucuresti-i-se-datoreaza-ancai-alexandrescu-video-liv\/"},"modified":"2025-12-07T21:44:58","modified_gmt":"2025-12-07T21:44:58","slug":"anca-alexandrescu-dedic-acest-rezultat-foarte-bun-tatalui-meu-george-simion-scorul-foarte-bun-din-bucuresti-i-se-datoreaza-ancai-alexandrescu-video-liv","status":"publish","type":"post","link":"https:\/\/247stiri.ro\/index.php\/2025\/12\/07\/anca-alexandrescu-dedic-acest-rezultat-foarte-bun-tatalui-meu-george-simion-scorul-foarte-bun-din-bucuresti-i-se-datoreaza-ancai-alexandrescu-video-liv\/","title":{"rendered":"Anca Alexandrescu: \u201eDedic acest rezultat foarte bun tat\u0103lui meu.\u201d George Simion: \u201eScorul foarte bun din Bucure\u0219ti i se datoreaz\u0103 Anc\u0103i Alexandrescu\u201d \u2013 VIDEO\/LIVE TEXT"},"content":{"rendered":"<p>Principalele declara\u021bii:<\/p>\n<p>George Simion: Exist\u0103 o delegitimizare a clasei politice rom\u00e2ne\u0219ti. Avem \u00een Bucure\u0219ti un primar ales cu 30% din voturile a 30% dintre locuitori.<\/p>\n<p>Anca Alexandrescu: Mul\u021bumesc votan\u021bilor din Bucure\u0219ti! \u00cemi pare r\u0103u c\u0103 nu to\u021bi suverani\u0219tii \u00een\u021beleg c\u0103 alegerile se c\u00e2\u0219tig\u0103 \u00een strad\u0103 \u0219i la vot. Este doar \u00eenceputul \u0219i nu am de g\u00e2nd s\u0103-i iau locul lui GS. Voi continua pe drumul suverani\u0219tilor. Principala noastr\u0103 misiune este s\u0103 ar\u0103t\u0103m c\u0103 for\u021ba este la noi. \u00cemi doresc ca prezen\u021ba la vot s\u0103 fie mult mai numeroas\u0103 la urm\u0103toarele alegeri. Celor care au considerat de cuviin\u021b\u0103 s\u0103 m\u0103 lin\u0219eze mediatic le transmit c\u0103 ne vom vedea \u00een instan\u021b\u0103. \u00cei mul\u021bumesc tat\u0103lui meu \u0219i familiei mele. \u00cempreun\u0103 cu cet\u0103\u021benii vom c\u00e2\u0219tiga. A\u0219a cum am spus, ne vom lua \u021bara \u00eenapoi.<\/p>\n<p>\u00a0<\/p>\n<p>Imaginea a fost prezentat\u0103 ca un gest de recunoa\u0219tere a efortului depus \u00een campania electoral\u0103 \u0219i a rezultatului ob\u021binut, cu accent pe sprijinul pe care partidul \u00eel ofer\u0103 celor care se implic\u0103 \u00een confruntarea politic\u0103 la nivel local.<\/p>\n<p>Mesajul lui Simion a fost \u00eenso\u021bit de o referire direct\u0103 la viitorul politic al forma\u021biunii, cu trimitere la urm\u0103toarele alegeri din 2028. Liderul AUR a subliniat ideea de continuitate \u0219i mobilizare, suger\u00e2nd c\u0103 lupta \u00eempotriva structurilor locale va r\u0103m\u00e2ne o prioritate pentru partid.<\/p>\n<p>\u201eMul\u021bumesc Anc\u0103i pentru lupta grea \u0219i rezultatul bun. AUR e al\u0103turi de to\u021bi cei care vor s\u0103 lupte cu aceste clanuri locale pentru 2028! Candida\u021bi, e singura cale!\u201d a scris liderul AUR pe Facebook.<\/p>\n<p><a title=\"@georgesimionoficial\" href=\"https:\/\/www.tiktok.com\/@georgesimionoficial?refer=embed\" target=\"_blank\">@georgesimionoficial<\/a><\/p>\n<p>VomiG\u00e2dele<\/p>\n<p><a title=\"\u266c sunet original - GEORGE SIMION\" href=\"https:\/\/www.tiktok.com\/music\/sunet-original-7581217105312320258?refer=embed\" target=\"_blank\">\u266c sunet original &#8211; GEORGE SIMION<\/a><\/p>\n<p>Totodat\u0103, George Simion \u0219i Anca Alexandrescu au anun\u021bat c\u0103 vor sus\u021bine o declara\u021bie comun\u0103 la ora 23. Evenimentul este a\u0219teptat s\u0103 ofere detalii suplimentare despre rezultatele campaniei, despre modul \u00een care a fost perceput\u0103 candidatura la Prim\u0103ria Capitalei \u0219i despre planurile politice ale AUR pentru perioada urm\u0103toare.<\/p>\n<p><a title='George Simion: ,,Cred ca un prim obiectiv poate fi bifat ca si indeplinit, ca suntem parte a societatii bucurestene\"' href=\"https:\/\/www.realitatea.net\/stiri\/actual\/george-simion-cred-ca-un-prim-obiectiv-poate-fi-bifat-ca-si-indeplinit-ca-suntem-parte-a-societatii-bucurestene_6935d49f2e20a64bef7999c2\">George Simion: \u201eCred c\u0103 un prim obiectiv poate fi bifat ca \u0219i \u00eendeplinit, c\u0103 suntem parte a societ\u0103\u021bii bucure\u0219tene\u201d<\/a><\/p>","protected":false},"excerpt":{"rendered":"<p>Principalele declara\u021bii: George Simion: Exist\u0103 o delegitimizare a clasei politice rom\u00e2ne\u0219ti. Avem \u00een Bucure\u0219ti un&hellip;<\/p>\n","protected":false},"author":0,"featured_media":50369,"comment_status":"open","ping_status":"open","sticky":false,"template":"","format":"standard","meta":{"footnotes":""},"categories":[2],"tags":[],"class_list":["post-50368","post","type-post","status-publish","format-standard","has-post-thumbnail","hentry","category-actual"],"_links":{"self":[{"href":"https:\/\/247stiri.ro\/index.php\/wp-json\/wp\/v2\/posts\/50368","targetHints":{"allow":["GET"]}}],"collection":[{"href":"https:\/\/247stiri.ro\/index.php\/wp-json\/wp\/v2\/posts"}],"about":[{"href":"https:\/\/247stiri.ro\/index.php\/wp-json\/wp\/v2\/types\/post"}],"replies":[{"embeddable":true,"href":"https:\/\/247stiri.ro\/index.php\/wp-json\/wp\/v2\/comments?post=50368"}],"version-history":[{"count":0,"href":"https:\/\/247stiri.ro\/index.php\/wp-json\/wp\/v2\/posts\/50368\/revisions"}],"wp:featuredmedia":[{"embeddable":true,"href":"https:\/\/247stiri.ro\/index.php\/wp-json\/wp\/v2\/media\/50369"}],"wp:attachment":[{"href":"https:\/\/247stiri.ro\/index.php\/wp-json\/wp\/v2\/media?parent=50368"}],"wp:term":[{"taxonomy":"category","embeddable":true,"href":"https:\/\/247stiri.ro\/index.php\/wp-json\/wp\/v2\/categories?post=50368"},{"taxonomy":"post_tag","embeddable":true,"href":"https:\/\/247stiri.ro\/index.php\/wp-json\/wp\/v2\/tags?post=50368"}],"curies":[{"name":"wp","href":"https:\/\/api.w.org\/{rel}","templated":true}]}}