{"id":50380,"date":"2025-12-07T22:45:06","date_gmt":"2025-12-07T22:45:06","guid":{"rendered":"https:\/\/247stiri.ro\/index.php\/2025\/12\/07\/mesajul-lui-daniel-baluta-dupa-infrangerea-din-alegerile-pentru-primaria-capitalei-care-sunt-planurile-sale-de-viitor\/"},"modified":"2025-12-07T22:45:06","modified_gmt":"2025-12-07T22:45:06","slug":"mesajul-lui-daniel-baluta-dupa-infrangerea-din-alegerile-pentru-primaria-capitalei-care-sunt-planurile-sale-de-viitor","status":"publish","type":"post","link":"https:\/\/247stiri.ro\/index.php\/2025\/12\/07\/mesajul-lui-daniel-baluta-dupa-infrangerea-din-alegerile-pentru-primaria-capitalei-care-sunt-planurile-sale-de-viitor\/","title":{"rendered":"Mesajul lui Daniel B\u0103lu\u021b\u0103 dup\u0103 \u00eenfr\u00e2ngerea din alegerile pentru Prim\u0103ria Capitalei. Care sunt planurile sale de viitor"},"content":{"rendered":"<p>Edilul a transmis c\u0103 \u00ee\u0219i va continua activitatea la Sectorul 4, unde inten\u021bioneaz\u0103 s\u0103 se concentreze pe proiectele locale deja \u00eencepute. B\u0103lu\u021b\u0103 a subliniat c\u0103 experien\u021ba acumulat\u0103 \u00een aceast\u0103 campanie va fi folosit\u0103 pentru a consolida munca depus\u0103 \u00een sector \u0219i pentru a men\u021bine leg\u0103tura cu cet\u0103\u021benii.<\/p>\n<p>\u00cen mesajul s\u0103u, B\u0103lu\u021b\u0103 a ar\u0103tat c\u0103 r\u0103m\u00e2ne dedicat at\u00e2t locuitorilor din Sectorul 4, c\u00e2t \u0219i celor din Bucure\u0219ti, pun\u00e2nd accent pe ideea de continuitate \u0219i pe dorin\u021ba de a duce mai departe proiectele locale.<\/p>\n<p>\u201eMul\u021bumesc!\u00a0Mul\u021bumesc tuturor celor care m-a\u021bi sprijinit \u00een ultimele s\u0103pt\u0103m\u00e2ni \u0219i mi-a\u021bi acordat \u00eencrederea voastr\u0103!R\u0103m\u00e2nem \u00eempreun\u0103 \u0219i continu\u0103m s\u0103 muncim pentru Sectorul 4 \u0219i pentru \u00eentregul Bucure\u0219ti!\u201d, a scris Daniel B\u0103lu\u021b\u0103 pe pagina sa de Facebook.\u00a0<a href=\"https:\/\/www.realitatea.net\/stiri\/actual\/anca-alexandrescu-si-george-simion-vor-face-declaratii-comune-de-presa-la-ora-2300_6935e6e9bc677640eb1fdd12\" target=\"_blank\">Anca Alexandrescu: \u201eDedic acest rezultat foarte bun tat\u0103lui meu.\u201d George Simion: \u201eScorul foarte bun din Bucure\u0219ti i se datoreaz\u0103 Anc\u0103i Alexandrescu\u201d \u2013 VIDEO\/LIVE TEXT<\/a><\/p>\n<p>\u00a0<\/p>","protected":false},"excerpt":{"rendered":"<p>Edilul a transmis c\u0103 \u00ee\u0219i va continua activitatea la Sectorul 4, unde inten\u021bioneaz\u0103 s\u0103 se&hellip;<\/p>\n","protected":false},"author":0,"featured_media":50371,"comment_status":"open","ping_status":"open","sticky":false,"template":"","format":"standard","meta":{"footnotes":""},"categories":[2],"tags":[],"class_list":["post-50380","post","type-post","status-publish","format-standard","has-post-thumbnail","hentry","category-actual"],"_links":{"self":[{"href":"https:\/\/247stiri.ro\/index.php\/wp-json\/wp\/v2\/posts\/50380","targetHints":{"allow":["GET"]}}],"collection":[{"href":"https:\/\/247stiri.ro\/index.php\/wp-json\/wp\/v2\/posts"}],"about":[{"href":"https:\/\/247stiri.ro\/index.php\/wp-json\/wp\/v2\/types\/post"}],"replies":[{"embeddable":true,"href":"https:\/\/247stiri.ro\/index.php\/wp-json\/wp\/v2\/comments?post=50380"}],"version-history":[{"count":0,"href":"https:\/\/247stiri.ro\/index.php\/wp-json\/wp\/v2\/posts\/50380\/revisions"}],"wp:featuredmedia":[{"embeddable":true,"href":"https:\/\/247stiri.ro\/index.php\/wp-json\/wp\/v2\/media\/50371"}],"wp:attachment":[{"href":"https:\/\/247stiri.ro\/index.php\/wp-json\/wp\/v2\/media?parent=50380"}],"wp:term":[{"taxonomy":"category","embeddable":true,"href":"https:\/\/247stiri.ro\/index.php\/wp-json\/wp\/v2\/categories?post=50380"},{"taxonomy":"post_tag","embeddable":true,"href":"https:\/\/247stiri.ro\/index.php\/wp-json\/wp\/v2\/tags?post=50380"}],"curies":[{"name":"wp","href":"https:\/\/api.w.org\/{rel}","templated":true}]}}