{"id":50381,"date":"2025-12-07T22:45:07","date_gmt":"2025-12-07T22:45:07","guid":{"rendered":"https:\/\/247stiri.ro\/index.php\/2025\/12\/07\/george-simion-nu-se-dezice-de-calin-georgescu-are-parte-de-o-represiune-pentru-ca-a-candidat-si-a-castigat-niste-alegeri\/"},"modified":"2025-12-07T22:45:07","modified_gmt":"2025-12-07T22:45:07","slug":"george-simion-nu-se-dezice-de-calin-georgescu-are-parte-de-o-represiune-pentru-ca-a-candidat-si-a-castigat-niste-alegeri","status":"publish","type":"post","link":"https:\/\/247stiri.ro\/index.php\/2025\/12\/07\/george-simion-nu-se-dezice-de-calin-georgescu-are-parte-de-o-represiune-pentru-ca-a-candidat-si-a-castigat-niste-alegeri\/","title":{"rendered":"George Simion nu se dezice de C\u0103lin Georgescu: \u201eAre parte de o represiune pentru c\u0103 a candidat \u0219i a c\u00e2\u0219tigat ni\u0219te alegeri\u201d"},"content":{"rendered":"<p>\u201eC\u0103lin Georgescu este un principiu. Eu v-am spus de nenum\u0103rate ori c\u0103 nu e vorba de C\u0103lin Georgescu ca persoan\u0103, ci e vorba de un principiu. Nu ne putem dezice de voin\u021ba poporului rom\u00e2n. At\u00e2ta timp c\u00e2t domnul care este acum la Palatul Cotroceni pretinde c\u0103 exista un raport despre motivele pentru care s-au anulat alegeri. \u0218i acel raport nu apare \u00een spa\u021biu public. P\u0103i nu ne vom dezice, indiferent de c\u00e2te urzeli apar, de c\u00e2te intrigi \u00eencearc\u0103 unii \u0219i al\u021bii televizat despre ce face Simion \u0219i ce face AUR, \u0219i cum r\u0103m\u00e2ne Simion f\u0103r\u0103 Partidul AUR\u201d, a declarat Simion \u00een conferin\u021ba de pres\u0103 pe care a sus\u021binut-o al\u0103turi de Anca Alexandrescu.<\/p>\n<p>\u201eSuntem al\u0103turi de domnul C\u0103lin Georgescu \u00een \u00eencerc\u0103rile grele prin care el trece \u0219i b\u0103nuim, pe bun\u0103 dreptate, c\u0103 are parte de o represiune politic\u0103, prin prisma faptului c\u0103 \u0219i-a depus candidatura \u0219i a c\u00e2\u0219tigat ni\u0219te alegeri,\u201d a precizat liderul AUR.<\/p>","protected":false},"excerpt":{"rendered":"<p>\u201eC\u0103lin Georgescu este un principiu. Eu v-am spus de nenum\u0103rate ori c\u0103 nu e vorba&hellip;<\/p>\n","protected":false},"author":0,"featured_media":50373,"comment_status":"open","ping_status":"open","sticky":false,"template":"","format":"standard","meta":{"footnotes":""},"categories":[2],"tags":[],"class_list":["post-50381","post","type-post","status-publish","format-standard","has-post-thumbnail","hentry","category-actual"],"_links":{"self":[{"href":"https:\/\/247stiri.ro\/index.php\/wp-json\/wp\/v2\/posts\/50381","targetHints":{"allow":["GET"]}}],"collection":[{"href":"https:\/\/247stiri.ro\/index.php\/wp-json\/wp\/v2\/posts"}],"about":[{"href":"https:\/\/247stiri.ro\/index.php\/wp-json\/wp\/v2\/types\/post"}],"replies":[{"embeddable":true,"href":"https:\/\/247stiri.ro\/index.php\/wp-json\/wp\/v2\/comments?post=50381"}],"version-history":[{"count":0,"href":"https:\/\/247stiri.ro\/index.php\/wp-json\/wp\/v2\/posts\/50381\/revisions"}],"wp:featuredmedia":[{"embeddable":true,"href":"https:\/\/247stiri.ro\/index.php\/wp-json\/wp\/v2\/media\/50373"}],"wp:attachment":[{"href":"https:\/\/247stiri.ro\/index.php\/wp-json\/wp\/v2\/media?parent=50381"}],"wp:term":[{"taxonomy":"category","embeddable":true,"href":"https:\/\/247stiri.ro\/index.php\/wp-json\/wp\/v2\/categories?post=50381"},{"taxonomy":"post_tag","embeddable":true,"href":"https:\/\/247stiri.ro\/index.php\/wp-json\/wp\/v2\/tags?post=50381"}],"curies":[{"name":"wp","href":"https:\/\/api.w.org\/{rel}","templated":true}]}}