{"id":50382,"date":"2025-12-07T22:45:07","date_gmt":"2025-12-07T22:45:07","guid":{"rendered":"https:\/\/247stiri.ro\/index.php\/2025\/12\/07\/sorin-grindeanu-dupa-infrangerea-usturatoare-a-lui-daniel-baluta-la-primaria-generala-sa-termini-pe-3-cu-siguranta-nu-e-o-victorie-video\/"},"modified":"2025-12-07T22:45:07","modified_gmt":"2025-12-07T22:45:07","slug":"sorin-grindeanu-dupa-infrangerea-usturatoare-a-lui-daniel-baluta-la-primaria-generala-sa-termini-pe-3-cu-siguranta-nu-e-o-victorie-video","status":"publish","type":"post","link":"https:\/\/247stiri.ro\/index.php\/2025\/12\/07\/sorin-grindeanu-dupa-infrangerea-usturatoare-a-lui-daniel-baluta-la-primaria-generala-sa-termini-pe-3-cu-siguranta-nu-e-o-victorie-video\/","title":{"rendered":"Sorin Grindeanu, dup\u0103 \u00eenfr\u00e2ngerea ustur\u0103toare a lui Daniel B\u0103lu\u021b\u0103 la Prim\u0103ria General\u0103: S\u0103 termini pe 3 cu siguran\u021b\u0103 nu e o victorie &#8211; VIDEO"},"content":{"rendered":"<p>&#8222;\u00cencep prin a-l felicita pe Marcel Ciolacu. \u00cel felicit pe Marcel pentru victoria de la Buz\u0103u, \u00eel felicit pe Ciprian Ciucu pentru victorie, \u00eel felicit pe Daniel pentru c\u0103 a dus o campanie corect\u0103, atitudinea sa a fost corect\u0103. Bucure\u0219tenii au decis, iar Ciprian Ciucu este, \u00een mod evident, noul primar general. \u00cei urez succes.\u201d<\/p>\n<p>\u201eDaniel va r\u0103m\u00e2ne pre\u0219edinte la PSD Bucure\u0219ti. Dac\u0103 am fi pierdut \u0219i CJ Buz\u0103u, dac\u0103 am fi pierdut m\u0103car jum\u0103tate din localit\u0103\u021bile unde am c\u00e2\u0219tigat, a\u0219 fi zis c\u0103 a fost un e\u0219ec. N-am c\u00e2\u0219tigat Bucure\u0219tiul, dar nici nu l-am avut\u201d, a mai precizat Grindeanu.<\/p>\n<p>Declara\u021bia lui Grindeanu marcheaz\u0103 prima reac\u021bie oficial\u0103 din partea conducerii PSD dup\u0103 pierderea Prim\u0103riei Generale.<\/p>","protected":false},"excerpt":{"rendered":"<p>&#8222;\u00cencep prin a-l felicita pe Marcel Ciolacu. \u00cel felicit pe Marcel pentru victoria de la&hellip;<\/p>\n","protected":false},"author":0,"featured_media":50375,"comment_status":"open","ping_status":"open","sticky":false,"template":"","format":"standard","meta":{"footnotes":""},"categories":[2],"tags":[],"class_list":["post-50382","post","type-post","status-publish","format-standard","has-post-thumbnail","hentry","category-actual"],"_links":{"self":[{"href":"https:\/\/247stiri.ro\/index.php\/wp-json\/wp\/v2\/posts\/50382","targetHints":{"allow":["GET"]}}],"collection":[{"href":"https:\/\/247stiri.ro\/index.php\/wp-json\/wp\/v2\/posts"}],"about":[{"href":"https:\/\/247stiri.ro\/index.php\/wp-json\/wp\/v2\/types\/post"}],"replies":[{"embeddable":true,"href":"https:\/\/247stiri.ro\/index.php\/wp-json\/wp\/v2\/comments?post=50382"}],"version-history":[{"count":0,"href":"https:\/\/247stiri.ro\/index.php\/wp-json\/wp\/v2\/posts\/50382\/revisions"}],"wp:featuredmedia":[{"embeddable":true,"href":"https:\/\/247stiri.ro\/index.php\/wp-json\/wp\/v2\/media\/50375"}],"wp:attachment":[{"href":"https:\/\/247stiri.ro\/index.php\/wp-json\/wp\/v2\/media?parent=50382"}],"wp:term":[{"taxonomy":"category","embeddable":true,"href":"https:\/\/247stiri.ro\/index.php\/wp-json\/wp\/v2\/categories?post=50382"},{"taxonomy":"post_tag","embeddable":true,"href":"https:\/\/247stiri.ro\/index.php\/wp-json\/wp\/v2\/tags?post=50382"}],"curies":[{"name":"wp","href":"https:\/\/api.w.org\/{rel}","templated":true}]}}