{"id":50383,"date":"2025-12-07T22:45:07","date_gmt":"2025-12-07T22:45:07","guid":{"rendered":"https:\/\/247stiri.ro\/index.php\/2025\/12\/07\/candidatul-aur-la-sefia-consiliului-judetean-buzau-contesta-rezultatul-prezenta-redusa-la-urne-pune-sub-semnul-intrebarii-legitimitatea\/"},"modified":"2025-12-07T22:45:07","modified_gmt":"2025-12-07T22:45:07","slug":"candidatul-aur-la-sefia-consiliului-judetean-buzau-contesta-rezultatul-prezenta-redusa-la-urne-pune-sub-semnul-intrebarii-legitimitatea","status":"publish","type":"post","link":"https:\/\/247stiri.ro\/index.php\/2025\/12\/07\/candidatul-aur-la-sefia-consiliului-judetean-buzau-contesta-rezultatul-prezenta-redusa-la-urne-pune-sub-semnul-intrebarii-legitimitatea\/","title":{"rendered":"Candidatul AUR la \u0219efia Consiliului Jude\u021bean Buz\u0103u contest\u0103 rezultatul: \u201ePrezen\u021ba redus\u0103 la urne pune sub semnul \u00eentreb\u0103rii legitimitatea\u201d"},"content":{"rendered":"<p>Candidatul AUR a transmis buzoienilor mul\u021bumiri pentru faptul c\u0103 au votat \u0219i c\u0103 forma\u021biunea politic\u0103 pe care o reprezint\u0103 este singura opozi\u021bie la Partidul Social Democrat.&#8221;Vreau s\u0103 mul\u021bumesc tuturor buzoienilor care au ie\u0219it la vot \u0219i \u0219i-au exprimat op\u021biunea lor. Venim dup\u0103 o lun\u0103 de campanie dificil\u0103 dar rezultatul ne arat\u0103 un lucru pe care probabil mul\u021bi \u00eel vor trece cu vederea, AUR este singura opozi\u021bie real\u0103 la PSD \u00een jude\u021bul Buz\u0103u, este singurul partid de care PSD-ului \u00eei este team\u0103 \u00een jude\u021bul nostru&#8221;, a transmis \u0218tef\u0103ni\u021b\u0103 Avramescu.Acesta a <a href=\"http:\/\/realitateadinaur.net\/stefanita-avramescu-aur-prezenta-scazuta-la-vot-ridica-semne-de-intrebare-asupra-legitimitatii-viitorului-presedinte-al-cj-buzau\/?fbclid=IwY2xjawOi1IJleHRuA2FlbQIxMABicmlkETBOUTdWVnZ3ajJjaDdPY09Fc3J0YwZhcHBfaWQQMjIyMDM5MTc4ODIwMDg5MgABHkEj3FjOnfIUrDyBhGGoNptc0RbUmKoMtqjZob_6_9ofgzJT7XngKBeCeTRb_aem_Ikx9DeOlhfMAoBE3fIPjQw\" target=\"_blank\">punctat<\/a> faptul c\u0103 prezen\u021ba la vot a fost una mic\u0103 \u0219i nu confer\u0103 legitimitate celui care va ocupa viitoarea func\u021bie de pre\u0219edinte al CJ Buz\u0103u.&#8221;Ast\u0103zi din p\u0103cate prezen\u021ba a fost mult sub a\u0219tept\u0103ri, este \u0219i o consecin\u021b\u0103 a modului \u00een care s-a f\u0103cut politic\u0103 p\u00e2n\u0103 acum. Prezen\u021ba sc\u0103zut\u0103 pune sub semnul \u00eentreb\u0103rii inclusiv legitimitatea celui care se afl\u0103 \u00een func\u021bia de pre\u0219edinte al CJ indiferent de numele acestuia. Nu po\u021bi cu o prezen\u021b\u0103 sub 90.000 de persoane s\u0103 spui c\u0103 acea persoan\u0103 are legitimitatea de a conduce jude\u021bul. O prezen\u021b\u0103 sc\u0103zut\u0103 cu o ma\u0219in\u0103rie de partid disperat\u0103 nu au f\u0103cut altceva dec\u00e2t s\u0103 fac\u0103 acest rezultat. Trebuie s\u0103 privim lucrurile cu optimism \u0219i a\u0219 vrea s\u0103 fie foarte clar c\u0103 ceea ce am \u00eenceput \u00een aceast\u0103 lun\u0103 va continua \u00een Buz\u0103u pentru anii viitori&#8221;, a subliniat \u0218tef\u0103ni\u021b\u0103 Avramescu.Candidatul AUR a ob\u021binut dup\u0103 num\u0103rarea voturilor din peste 90% dintre sec\u021biile de vot un procentaj de aproximativ 27%, al doilea dup\u0103 cel ob\u021binut de PSD.<\/p>\n<p><a title='Anca Alexandrescu: ,,Dedic acest rezultat foarte bun tatalui meu.\" George Simion: ,,Scorul foarte bun din Bucuresti i se datoreaza Ancai Alexandrescu\" - VIDEO\/LIVE TEXT' href=\"https:\/\/www.realitatea.net\/stiri\/actual\/anca-alexandrescu-si-george-simion-vor-face-declaratii-comune-de-presa-la-ora-2300_6935e6e9bc677640eb1fdd12\">Anca Alexandrescu: \u201eDedic acest rezultat foarte bun tat\u0103lui meu.\u201d George Simion: \u201eScorul foarte bun din Bucure\u0219ti i se datoreaz\u0103 Anc\u0103i Alexandrescu\u201d \u2013 VIDEO\/LIVE TEXT<\/a><\/p>","protected":false},"excerpt":{"rendered":"<p>Candidatul AUR a transmis buzoienilor mul\u021bumiri pentru faptul c\u0103 au votat \u0219i c\u0103 forma\u021biunea politic\u0103&hellip;<\/p>\n","protected":false},"author":0,"featured_media":50377,"comment_status":"open","ping_status":"open","sticky":false,"template":"","format":"standard","meta":{"footnotes":""},"categories":[2],"tags":[],"class_list":["post-50383","post","type-post","status-publish","format-standard","has-post-thumbnail","hentry","category-actual"],"_links":{"self":[{"href":"https:\/\/247stiri.ro\/index.php\/wp-json\/wp\/v2\/posts\/50383","targetHints":{"allow":["GET"]}}],"collection":[{"href":"https:\/\/247stiri.ro\/index.php\/wp-json\/wp\/v2\/posts"}],"about":[{"href":"https:\/\/247stiri.ro\/index.php\/wp-json\/wp\/v2\/types\/post"}],"replies":[{"embeddable":true,"href":"https:\/\/247stiri.ro\/index.php\/wp-json\/wp\/v2\/comments?post=50383"}],"version-history":[{"count":0,"href":"https:\/\/247stiri.ro\/index.php\/wp-json\/wp\/v2\/posts\/50383\/revisions"}],"wp:featuredmedia":[{"embeddable":true,"href":"https:\/\/247stiri.ro\/index.php\/wp-json\/wp\/v2\/media\/50377"}],"wp:attachment":[{"href":"https:\/\/247stiri.ro\/index.php\/wp-json\/wp\/v2\/media?parent=50383"}],"wp:term":[{"taxonomy":"category","embeddable":true,"href":"https:\/\/247stiri.ro\/index.php\/wp-json\/wp\/v2\/categories?post=50383"},{"taxonomy":"post_tag","embeddable":true,"href":"https:\/\/247stiri.ro\/index.php\/wp-json\/wp\/v2\/tags?post=50383"}],"curies":[{"name":"wp","href":"https:\/\/api.w.org\/{rel}","templated":true}]}}