{"id":50434,"date":"2025-12-08T07:45:10","date_gmt":"2025-12-08T07:45:10","guid":{"rendered":"https:\/\/247stiri.ro\/index.php\/2025\/12\/08\/un-roman-de-25-de-ani-arestat-in-germania-dupa-ce-a-batut-brutal-doua-tinere-care-se-sarutau-intr-un-tramvai\/"},"modified":"2025-12-08T07:45:10","modified_gmt":"2025-12-08T07:45:10","slug":"un-roman-de-25-de-ani-arestat-in-germania-dupa-ce-a-batut-brutal-doua-tinere-care-se-sarutau-intr-un-tramvai","status":"publish","type":"post","link":"https:\/\/247stiri.ro\/index.php\/2025\/12\/08\/un-roman-de-25-de-ani-arestat-in-germania-dupa-ce-a-batut-brutal-doua-tinere-care-se-sarutau-intr-un-tramvai\/","title":{"rendered":"Un rom\u00e2n de 25 de ani, arestat \u00een Germania, dup\u0103 ce a b\u0103tut brutal dou\u0103 tinere care se s\u0103rutau \u00eentr-un tramvai"},"content":{"rendered":"<p>Incidentul, petrecut pe linia 8 \u00een sta\u021bia Haferkamp, \u00een drum spre gara central\u0103, a \u00eenceput cu insulte homofobe, escalad\u00e2nd rapid \u00eentr-o b\u0103taie violent\u0103.\u200b<\/p>\n<p>Potrivit purt\u0103toarei de cuv\u00e2nt a poli\u021biei, Franka Haedke, b\u0103rbatul s-a apropiat de victime \u0219i le-a \u00eenjurat, urmat de lovituri nea\u0219teptate cu pumnul \u00een fa\u021b\u0103, noteaz\u0103 <a href=\"https:\/\/www.bild.de\/regional\/bremen\/brutaler-angriff-in-bremen-lesbisches-paar-attackiert-69342fe59a8dfe01d71add2e\" target=\"_blank\">BILD<\/a>.<\/p>\n<p>\u201eC\u00e2nd cele dou\u0103 s-au s\u0103rutat, b\u0103rbatul de 25 de ani s-a apropiat de ele \u0219i le-a insultat folosind injurii cu caracter homofob. Poli\u021bi\u0219tii au oprit tramvaiul \u0219i au imobilizat agresorul. Statutsschutz investigheaz\u0103 acum cazul ca infrac\u021biune motivat\u0103 de ur\u0103\u201d, a spus Franka Haedke, purt\u0103toarea de cuv\u00e2nt a poli\u021biei.<\/p>\n<p>Una dintre tinere, cea de 18 ani, a le\u0219inat pe podeaua tramvaiului, iar agresorul a continuat atacul, lovind-o cu piciorul \u00een abdomen. Poli\u021bi\u0219tii afla\u021bi \u00een patrulare la gara central\u0103 au oprit tramvaiul \u0219i l-au imobilizat pe suspect.\u200b<\/p>\n<p>Agresorul a fost dus la sec\u021bie, iar cazul este anchetat de poli\u021bia judiciar\u0103 pentru v\u0103t\u0103mare corporal\u0103 grav\u0103. \u00cen plus, departamentul Statutsschutz, specializat pe infrac\u021biuni motivate de ur\u0103, a preluat dosarul, calific\u00e2nd agresiunea ca posibil\u0103 crim\u0103 homofob\u0103. Victimele au primit \u00eengrijiri medicale, iar poli\u021bia continu\u0103 investiga\u021biile.<\/p>","protected":false},"excerpt":{"rendered":"<p>Incidentul, petrecut pe linia 8 \u00een sta\u021bia Haferkamp, \u00een drum spre gara central\u0103, a \u00eenceput&hellip;<\/p>\n","protected":false},"author":0,"featured_media":50423,"comment_status":"open","ping_status":"open","sticky":false,"template":"","format":"standard","meta":{"footnotes":""},"categories":[2],"tags":[],"class_list":["post-50434","post","type-post","status-publish","format-standard","has-post-thumbnail","hentry","category-actual"],"_links":{"self":[{"href":"https:\/\/247stiri.ro\/index.php\/wp-json\/wp\/v2\/posts\/50434","targetHints":{"allow":["GET"]}}],"collection":[{"href":"https:\/\/247stiri.ro\/index.php\/wp-json\/wp\/v2\/posts"}],"about":[{"href":"https:\/\/247stiri.ro\/index.php\/wp-json\/wp\/v2\/types\/post"}],"replies":[{"embeddable":true,"href":"https:\/\/247stiri.ro\/index.php\/wp-json\/wp\/v2\/comments?post=50434"}],"version-history":[{"count":0,"href":"https:\/\/247stiri.ro\/index.php\/wp-json\/wp\/v2\/posts\/50434\/revisions"}],"wp:featuredmedia":[{"embeddable":true,"href":"https:\/\/247stiri.ro\/index.php\/wp-json\/wp\/v2\/media\/50423"}],"wp:attachment":[{"href":"https:\/\/247stiri.ro\/index.php\/wp-json\/wp\/v2\/media?parent=50434"}],"wp:term":[{"taxonomy":"category","embeddable":true,"href":"https:\/\/247stiri.ro\/index.php\/wp-json\/wp\/v2\/categories?post=50434"},{"taxonomy":"post_tag","embeddable":true,"href":"https:\/\/247stiri.ro\/index.php\/wp-json\/wp\/v2\/tags?post=50434"}],"curies":[{"name":"wp","href":"https:\/\/api.w.org\/{rel}","templated":true}]}}