{"id":50435,"date":"2025-12-08T07:45:11","date_gmt":"2025-12-08T07:45:11","guid":{"rendered":"https:\/\/247stiri.ro\/index.php\/2025\/12\/08\/tragedie-la-cluj-un-barbat-a-murit-dupa-ce-a-incercat-sa-aprinda-focul-in-soba-cu-lichid-inflamabil-un-altul-a-fost-ranit-grav\/"},"modified":"2025-12-08T07:45:11","modified_gmt":"2025-12-08T07:45:11","slug":"tragedie-la-cluj-un-barbat-a-murit-dupa-ce-a-incercat-sa-aprinda-focul-in-soba-cu-lichid-inflamabil-un-altul-a-fost-ranit-grav","status":"publish","type":"post","link":"https:\/\/247stiri.ro\/index.php\/2025\/12\/08\/tragedie-la-cluj-un-barbat-a-murit-dupa-ce-a-incercat-sa-aprinda-focul-in-soba-cu-lichid-inflamabil-un-altul-a-fost-ranit-grav\/","title":{"rendered":"Tragedie la Cluj: un b\u0103rbat a murit dup\u0103 ce a \u00eencercat s\u0103 aprind\u0103 focul \u00een sob\u0103 cu lichid inflamabil. Un altul a fost r\u0103nit grav"},"content":{"rendered":"<p>Un incendiu puternic izbucnit \u00eentr-o locuin\u021b\u0103 dintr-o localitate aflat\u0103 \u00een proximitatea jude\u021bului Cluj s-a transformat rapid \u00eentr-o tragedie, dup\u0103 ce fl\u0103c\u0103rile au cuprins casa \u0219i au dus la moartea unui b\u0103rbat. Un altul, \u00een v\u00e2rst\u0103 de aproximativ 50 de ani, a suferit arsuri grave \u0219i a fost transportat de urgen\u021b\u0103 la spital, relateaz\u0103 \u0218tiri de Cluj.<\/p>\n<p>Apelul la 112 a fost \u00eenregistrat, duminic\u0103 seara, la fa\u021ba locului fiind trimis\u0103 o autospecial\u0103 de stingere de la Punctul de Lucru Gherla, \u00eempreun\u0103 cu un echipaj al Serviciului de Ambulan\u021b\u0103 Jude\u021bean. Concomitent, dispeceratul integrat ISU-SAJ a decis suplimentarea rapid\u0103 a for\u021belor, trimi\u021b\u00e2nd \u00eenc\u0103 o autospecial\u0103 de stingere din cadrul Deta\u0219amentului Dej.<\/p>\n<p>Incendiul se manifesta violent la nivelul buc\u0103t\u0103riei locuin\u021bei, iar fl\u0103c\u0103rile s-au extins \u00eentr-un timp scurt c\u0103tre interior, afect\u00e2nd o suprafa\u021b\u0103 de aproximativ 80 de metri p\u0103tra\u021bi. Eforturile pompierilor s-au concentrat pe izolarea \u0219i stingerea incendiului, \u00eens\u0103 condi\u021biile de la fa\u021ba locului au f\u0103cut interven\u021bia extrem de dificil\u0103.<\/p>\n<p>Fl\u0103c\u0103rile au izbucnite \u00een urma folosirii unei canistre cu combustibil<\/p>\n<p>\u00cen timpul opera\u021biunilor de c\u0103utare din interiorul locuin\u021bei, pompierii au descoperit trupul carbonizat al unui b\u0103rbat. Totodat\u0103, o alt\u0103 victim\u0103 a fost g\u0103sit\u0103 cu arsuri severe. Acesta a primit \u00eengrijiri medicale de urgen\u021b\u0103 la fa\u021ba locului \u0219i a fost transportat \u00een stare grav\u0103 la spital.<\/p>\n<p>Pompierii au stabilit c\u0103 incendiul a izbucnit dup\u0103 ce un b\u0103rbat de 38 de ani ar fi \u00eencercat s\u0103 aprind\u0103 focul \u00een sob\u0103 folosind o canistr\u0103 cu o substan\u021b\u0103 u\u0219or inflamabil\u0103. Manevrarea acesteia ar fi provocat aprinderea brusc\u0103 a vaporilor, iar fl\u0103c\u0103rile s-au extins rapid \u00een \u00eentreaga locuin\u021b\u0103. \u00cen urma incidentului, b\u0103rbatul a murit, iar o alt\u0103 persoan\u0103, \u00een v\u00e2rst\u0103 de 49 de ani, a suferit arsuri grave \u0219i a fost transportat\u0103 la spital. Autorit\u0103\u021bile continu\u0103 investiga\u021biile pentru a clarifica toate \u00eemprejur\u0103rile \u00een care s-a produs tragedia.<\/p>","protected":false},"excerpt":{"rendered":"<p>Un incendiu puternic izbucnit \u00eentr-o locuin\u021b\u0103 dintr-o localitate aflat\u0103 \u00een proximitatea jude\u021bului Cluj s-a transformat&hellip;<\/p>\n","protected":false},"author":0,"featured_media":50436,"comment_status":"open","ping_status":"open","sticky":false,"template":"","format":"standard","meta":{"footnotes":""},"categories":[2],"tags":[],"class_list":["post-50435","post","type-post","status-publish","format-standard","has-post-thumbnail","hentry","category-actual"],"_links":{"self":[{"href":"https:\/\/247stiri.ro\/index.php\/wp-json\/wp\/v2\/posts\/50435","targetHints":{"allow":["GET"]}}],"collection":[{"href":"https:\/\/247stiri.ro\/index.php\/wp-json\/wp\/v2\/posts"}],"about":[{"href":"https:\/\/247stiri.ro\/index.php\/wp-json\/wp\/v2\/types\/post"}],"replies":[{"embeddable":true,"href":"https:\/\/247stiri.ro\/index.php\/wp-json\/wp\/v2\/comments?post=50435"}],"version-history":[{"count":0,"href":"https:\/\/247stiri.ro\/index.php\/wp-json\/wp\/v2\/posts\/50435\/revisions"}],"wp:featuredmedia":[{"embeddable":true,"href":"https:\/\/247stiri.ro\/index.php\/wp-json\/wp\/v2\/media\/50436"}],"wp:attachment":[{"href":"https:\/\/247stiri.ro\/index.php\/wp-json\/wp\/v2\/media?parent=50435"}],"wp:term":[{"taxonomy":"category","embeddable":true,"href":"https:\/\/247stiri.ro\/index.php\/wp-json\/wp\/v2\/categories?post=50435"},{"taxonomy":"post_tag","embeddable":true,"href":"https:\/\/247stiri.ro\/index.php\/wp-json\/wp\/v2\/tags?post=50435"}],"curies":[{"name":"wp","href":"https:\/\/api.w.org\/{rel}","templated":true}]}}