{"id":50438,"date":"2025-12-08T07:45:12","date_gmt":"2025-12-08T07:45:12","guid":{"rendered":"https:\/\/247stiri.ro\/index.php\/2025\/12\/08\/anca-alexandrescu-face-anuntul-care-detoneaza-scena-politica-la-ora-1000-la-televiziunea-poporului\/"},"modified":"2025-12-08T07:45:12","modified_gmt":"2025-12-08T07:45:12","slug":"anca-alexandrescu-face-anuntul-care-detoneaza-scena-politica-la-ora-1000-la-televiziunea-poporului","status":"publish","type":"post","link":"https:\/\/247stiri.ro\/index.php\/2025\/12\/08\/anca-alexandrescu-face-anuntul-care-detoneaza-scena-politica-la-ora-1000-la-televiziunea-poporului\/","title":{"rendered":"Anca Alexandrescu face anun\u021bul care detoneaz\u0103 scena politic\u0103 la ora 10:00, la Televiziunea Poporului"},"content":{"rendered":"<p>La ora 10:00, Anca Alexandrescu va intra \u00een direct la Televiziunea Poporului pentru a detalia ac\u021biunile sale viitoare, \u00een sprijinul cauzei suveraniste. \u00cenc\u0103 de asear\u0103, candidata plasat\u0103 pe locul doi a precizat c\u0103 nu renun\u021b\u0103 la calea suveranist\u0103 \u0219i nici la misiunea de a ap\u0103ra interesele rom\u00e2nilor, pentru c\u0103 s\u0103pt\u0103m\u00e2nile de campanie electoral\u0103 i-au ar\u0103tat c\u00e2te probleme \u0219i c\u00e2t\u0103 suferin\u021b\u0103 exist\u0103 \u00een r\u00e2ndul bucure\u0219tenilor.<\/p>\n<p>\u00cen discursul de duminic\u0103 sear\u0103, Anca Alexandrescu a mai afirmat c\u0103 rom\u00e2nii nu mai au \u00eencredere \u00een clasa politic\u0103 dup\u0103 anularea alegerilor, acesta fiind motivul pentru care prezen\u021ba la vot \u00een Bucure\u0219ti a fost cea mai mic\u0103 de p\u00e2n\u0103 acum.\u00a0<\/p>\n<p>&#8222;\u00cemi pare foarte r\u0103u c\u0103 nu to\u021bi suverani\u0219tii au \u00een\u021beles c\u0103 alegerile se c\u00e2\u0219tig\u0103 \u00een strad\u0103 \u0219i la vot. Nu st\u00e2nd \u00een fa\u021ba calculatoarelor sau \u00een fa\u021ba televizorului. Este doar \u00eenceputul. Nu, nu am s\u0103 \u00eei iau locul lui George Simion. Nu am astfel de g\u00e2nduri. Am de g\u00e2nd s\u0103 merg mai departe pe acest drum al suveranismului. Este un lucru pe care l-am declarat de foarte mul\u021bi ani&#8221;, a precizat candidata suveranist\u0103.<\/p>","protected":false},"excerpt":{"rendered":"<p>La ora 10:00, Anca Alexandrescu va intra \u00een direct la Televiziunea Poporului pentru a detalia&hellip;<\/p>\n","protected":false},"author":0,"featured_media":50427,"comment_status":"open","ping_status":"open","sticky":false,"template":"","format":"standard","meta":{"footnotes":""},"categories":[2],"tags":[],"class_list":["post-50438","post","type-post","status-publish","format-standard","has-post-thumbnail","hentry","category-actual"],"_links":{"self":[{"href":"https:\/\/247stiri.ro\/index.php\/wp-json\/wp\/v2\/posts\/50438","targetHints":{"allow":["GET"]}}],"collection":[{"href":"https:\/\/247stiri.ro\/index.php\/wp-json\/wp\/v2\/posts"}],"about":[{"href":"https:\/\/247stiri.ro\/index.php\/wp-json\/wp\/v2\/types\/post"}],"replies":[{"embeddable":true,"href":"https:\/\/247stiri.ro\/index.php\/wp-json\/wp\/v2\/comments?post=50438"}],"version-history":[{"count":0,"href":"https:\/\/247stiri.ro\/index.php\/wp-json\/wp\/v2\/posts\/50438\/revisions"}],"wp:featuredmedia":[{"embeddable":true,"href":"https:\/\/247stiri.ro\/index.php\/wp-json\/wp\/v2\/media\/50427"}],"wp:attachment":[{"href":"https:\/\/247stiri.ro\/index.php\/wp-json\/wp\/v2\/media?parent=50438"}],"wp:term":[{"taxonomy":"category","embeddable":true,"href":"https:\/\/247stiri.ro\/index.php\/wp-json\/wp\/v2\/categories?post=50438"},{"taxonomy":"post_tag","embeddable":true,"href":"https:\/\/247stiri.ro\/index.php\/wp-json\/wp\/v2\/tags?post=50438"}],"curies":[{"name":"wp","href":"https:\/\/api.w.org\/{rel}","templated":true}]}}