{"id":50440,"date":"2025-12-08T07:45:13","date_gmt":"2025-12-08T07:45:13","guid":{"rendered":"https:\/\/247stiri.ro\/index.php\/2025\/12\/08\/sindicatele-anunta-proteste-uriase-la-usa-lui-nicusor-dan-masurile-de-austeritate-ii-exaspereaza-pe-oameni\/"},"modified":"2025-12-08T07:45:13","modified_gmt":"2025-12-08T07:45:13","slug":"sindicatele-anunta-proteste-uriase-la-usa-lui-nicusor-dan-masurile-de-austeritate-ii-exaspereaza-pe-oameni","status":"publish","type":"post","link":"https:\/\/247stiri.ro\/index.php\/2025\/12\/08\/sindicatele-anunta-proteste-uriase-la-usa-lui-nicusor-dan-masurile-de-austeritate-ii-exaspereaza-pe-oameni\/","title":{"rendered":"Sindicatele anun\u021b\u0103 proteste uria\u0219e la u\u0219a lui Nicu\u0219or Dan. M\u0103surile de austeritate \u00eei exaspereaz\u0103 pe oameni"},"content":{"rendered":"<p>Sindicatele din domenii-cheie au amenin\u021bat \u0219i cu greva general\u0103 dac\u0103 le vor fi reduse veniturile \u0219i atrag aten\u021bia c\u0103 va cre\u0219te riscul ca rom\u00e2nii afla\u021bi la un pas de s\u0103r\u0103cie s\u0103 fie \u00eempin\u0219i \u0219i mai mult \u00een dificultate. Miercuri, sindicatele din educa\u021bie vor ie\u0219i \u00een strad\u0103, la un miting de protest \u00een Pia\u021ba Victoriei.<\/p>\n<p>Potrivit surselor citate de Realitatea Plus, tot miercuri ar urma s\u0103 aib\u0103 loc o \u0219edin\u021b\u0103 la Consiliul Na\u021bional Tripartit, la Guvern, pe tema salariului minim.<\/p>\n<p>Sindicatele vin cu propunerea de cre\u0219tere a salariului minim la 4.350 de lei brut, f\u0103r\u0103 a fi luate \u00een calcul facilit\u0103\u021bile fiscale.<\/p>\n<p>Oameni care au muncit o via\u021b\u0103 spun c\u0103 nu mai pot \u021bine pasul cu pre\u021burile \u0219i cu taxele care apar peste noapte. Mul\u021bi tr\u0103iesc din pensii mici, iar medicamentele le \u00eempov\u0103reaz\u0103 \u0219i mai mult bugetul. Al\u021bii simt c\u0103 nu mai au niciun cuv\u00e2nt de spus \u0219i c\u0103 \u021bara merge \u00eentr-o direc\u021bie care \u00eei las\u0103 \u00een urm\u0103.<\/p>","protected":false},"excerpt":{"rendered":"<p>Sindicatele din domenii-cheie au amenin\u021bat \u0219i cu greva general\u0103 dac\u0103 le vor fi reduse veniturile&hellip;<\/p>\n","protected":false},"author":0,"featured_media":50441,"comment_status":"open","ping_status":"open","sticky":false,"template":"","format":"standard","meta":{"footnotes":""},"categories":[2],"tags":[],"class_list":["post-50440","post","type-post","status-publish","format-standard","has-post-thumbnail","hentry","category-actual"],"_links":{"self":[{"href":"https:\/\/247stiri.ro\/index.php\/wp-json\/wp\/v2\/posts\/50440","targetHints":{"allow":["GET"]}}],"collection":[{"href":"https:\/\/247stiri.ro\/index.php\/wp-json\/wp\/v2\/posts"}],"about":[{"href":"https:\/\/247stiri.ro\/index.php\/wp-json\/wp\/v2\/types\/post"}],"replies":[{"embeddable":true,"href":"https:\/\/247stiri.ro\/index.php\/wp-json\/wp\/v2\/comments?post=50440"}],"version-history":[{"count":0,"href":"https:\/\/247stiri.ro\/index.php\/wp-json\/wp\/v2\/posts\/50440\/revisions"}],"wp:featuredmedia":[{"embeddable":true,"href":"https:\/\/247stiri.ro\/index.php\/wp-json\/wp\/v2\/media\/50441"}],"wp:attachment":[{"href":"https:\/\/247stiri.ro\/index.php\/wp-json\/wp\/v2\/media?parent=50440"}],"wp:term":[{"taxonomy":"category","embeddable":true,"href":"https:\/\/247stiri.ro\/index.php\/wp-json\/wp\/v2\/categories?post=50440"},{"taxonomy":"post_tag","embeddable":true,"href":"https:\/\/247stiri.ro\/index.php\/wp-json\/wp\/v2\/tags?post=50440"}],"curies":[{"name":"wp","href":"https:\/\/api.w.org\/{rel}","templated":true}]}}