{"id":50442,"date":"2025-12-08T07:45:13","date_gmt":"2025-12-08T07:45:13","guid":{"rendered":"https:\/\/247stiri.ro\/index.php\/2025\/12\/08\/nicusor-dan-se-intalneste-astazi-cu-emmanuel-macron-la-palatul-elysee-in-cadrul-primei-vizite-oficiale-in-franta\/"},"modified":"2025-12-08T07:45:13","modified_gmt":"2025-12-08T07:45:13","slug":"nicusor-dan-se-intalneste-astazi-cu-emmanuel-macron-la-palatul-elysee-in-cadrul-primei-vizite-oficiale-in-franta","status":"publish","type":"post","link":"https:\/\/247stiri.ro\/index.php\/2025\/12\/08\/nicusor-dan-se-intalneste-astazi-cu-emmanuel-macron-la-palatul-elysee-in-cadrul-primei-vizite-oficiale-in-franta\/","title":{"rendered":"Nicu\u0219or Dan se \u00eent\u00e2lne\u0219te ast\u0103zi cu Emmanuel Macron la Palatul \u00c9lys\u00e9e, \u00een cadrul primei vizite oficiale \u00een Fran\u021ba"},"content":{"rendered":"<p>Programul aglomerat al \u0219efului statului, adaptat la fusul orar rom\u00e2nesc, include luni diminea\u021ba o \u00eent\u00e2lnire cu reprezentan\u021bi ai companiilor economice franceze, organizat\u0103 de Mi\u0219carea \u00centreprinderilor din Fran\u021ba (Medef), urmat\u0103 de \u00eentrevederea cu primarul Parisului, Anne Hidalgo, \u0219i inaugurarea aleii \u201eNicolae Titulescu\u201d din Parcul Monceau.<\/p>\n<p>Apoi, la ora 14:00, va avea loc discu\u021bia bilateral\u0103 cu Macron, iar seara este programat\u0103 o vizit\u0103 la fabrica Thales.\u200b<\/p>\n<p>Mar\u021bi, agenda continu\u0103 cu primirea pre\u0219edintelui Parlamentului Marelui Ducat al Luxemburgului, Claude Wiseler, la ora 13:15, \u0219i se \u00eencheie cu o \u00eent\u00e2lnire cu comunitatea rom\u00e2neasc\u0103 din Fran\u021ba, la ora 21:00. Vizita subliniaz\u0103 rela\u021biile bilaterale rom\u00e2no-franceze, cu accent pe cooperare economic\u0103 \u0219i sprijin pentru diaspora.<\/p>\n<p>Programul vizitei<\/p>\n<p>Luni, ora 09:30 &#8211; \u00cent\u00e2lnire cu reprezentan\u021bi ai companiilor economice franceze organizat de Mi\u0219carea \u00centreprinderilor din Fran\u021ba (Medef)<\/p>\n<p>12:30 &#8211; \u00centrevedere cu Primarul Parisului, Anne Hidalgo<\/p>\n<p>13:30 &#8211;\u00a0 Inaugurarea aleii \u201eNicolae Titulescu\u201d \u00een Parcul Monceau din Paris<\/p>\n<p>14:00 &#8211; \u00centrevedere cu Pre\u0219edintele Republicii Franceze,\u00a0Emmanuel Macron la Palatul \u00c9lys\u00e9e<\/p>\n<p>17:50 &#8211; Vizit\u0103 la fabrica Thales<\/p>\n<p>Mar\u021bi, ora 13:15 &#8211; Primirea Pre\u0219edintelui Parlamentului Marelui Ducat al Luxemburgului, Claude Wiseler<\/p>\n<p>21:00 &#8211; \u00cent\u00e2lnire cu reprezentan\u021bii comunit\u0103\u021bii rom\u00e2ne\u0219ti din Republica Francez\u0103<\/p>","protected":false},"excerpt":{"rendered":"<p>Programul aglomerat al \u0219efului statului, adaptat la fusul orar rom\u00e2nesc, include luni diminea\u021ba o \u00eent\u00e2lnire&hellip;<\/p>\n","protected":false},"author":0,"featured_media":50404,"comment_status":"open","ping_status":"open","sticky":false,"template":"","format":"standard","meta":{"footnotes":""},"categories":[2],"tags":[],"class_list":["post-50442","post","type-post","status-publish","format-standard","has-post-thumbnail","hentry","category-actual"],"_links":{"self":[{"href":"https:\/\/247stiri.ro\/index.php\/wp-json\/wp\/v2\/posts\/50442","targetHints":{"allow":["GET"]}}],"collection":[{"href":"https:\/\/247stiri.ro\/index.php\/wp-json\/wp\/v2\/posts"}],"about":[{"href":"https:\/\/247stiri.ro\/index.php\/wp-json\/wp\/v2\/types\/post"}],"replies":[{"embeddable":true,"href":"https:\/\/247stiri.ro\/index.php\/wp-json\/wp\/v2\/comments?post=50442"}],"version-history":[{"count":0,"href":"https:\/\/247stiri.ro\/index.php\/wp-json\/wp\/v2\/posts\/50442\/revisions"}],"wp:featuredmedia":[{"embeddable":true,"href":"https:\/\/247stiri.ro\/index.php\/wp-json\/wp\/v2\/media\/50404"}],"wp:attachment":[{"href":"https:\/\/247stiri.ro\/index.php\/wp-json\/wp\/v2\/media?parent=50442"}],"wp:term":[{"taxonomy":"category","embeddable":true,"href":"https:\/\/247stiri.ro\/index.php\/wp-json\/wp\/v2\/categories?post=50442"},{"taxonomy":"post_tag","embeddable":true,"href":"https:\/\/247stiri.ro\/index.php\/wp-json\/wp\/v2\/tags?post=50442"}],"curies":[{"name":"wp","href":"https:\/\/api.w.org\/{rel}","templated":true}]}}