{"id":50454,"date":"2025-12-08T08:46:17","date_gmt":"2025-12-08T08:46:17","guid":{"rendered":"https:\/\/247stiri.ro\/index.php\/2025\/12\/08\/psd-crede-ca-pensiile-speciale-nu-trec-la-ccr-social-democratii-analizeaza-daca-raman-la-guvernare-in-timp-ce-aur-castiga-teren-surse\/"},"modified":"2025-12-08T08:46:17","modified_gmt":"2025-12-08T08:46:17","slug":"psd-crede-ca-pensiile-speciale-nu-trec-la-ccr-social-democratii-analizeaza-daca-raman-la-guvernare-in-timp-ce-aur-castiga-teren-surse","status":"publish","type":"post","link":"https:\/\/247stiri.ro\/index.php\/2025\/12\/08\/psd-crede-ca-pensiile-speciale-nu-trec-la-ccr-social-democratii-analizeaza-daca-raman-la-guvernare-in-timp-ce-aur-castiga-teren-surse\/","title":{"rendered":"PSD crede c\u0103 pensiile speciale nu trec la CCR. Social-democra\u021bii analizeaz\u0103 dac\u0103 r\u0103m\u00e2n la guvernare, \u00een timp ce AUR c\u00e2\u0219tig\u0103 teren &#8211; SURSE"},"content":{"rendered":"<p>Dup\u0103 rezultatul alegerilor pentru Prim\u0103ria Capitalei sunt tensiuni \u00een coali\u021bie.<\/p>\n<p>Sursele Realitatea PLUS spun c\u0103 \u00een interiorul PSD urmeaz\u0103 s\u0103 se fac\u0103 o analiz\u0103 pentru a se stabili dac\u0103 este cazul s\u0103 mai r\u0103m\u00e2n\u0103 \u00een continuare la guvernare sau s\u0103 treac\u0103 \u00een opozi\u021bie, tocmai pentru c\u0103 rezultatul acestor alegeri a reflectat faptul c\u0103 oamenii care sunt nemul\u021bumi\u021bi de guvernare se \u00eendreapt\u0103 c\u0103tre singura opozi\u021bie care exist\u0103 \u00een momentul de fa\u021b\u0103, astfel social-democra\u021bii se g\u00e2ndesc dac\u0103 s\u0103 treac\u0103 \u0219i ei de cealalt\u0103 parte a baricadei.<\/p>\n<p>Acelea\u0219i surse spun c\u0103 mai \u00eent\u00e2i ar trebui rezolvate problemele stringente, cum ar fi bugetul pe anul viitor, \u0219i abia apoi se va face aceast\u0103 analiz\u0103 \u00een interiorul partidului.<\/p>\n<p>Ast\u0103zi va fi prezentat\u0103 \u00een Parlament acea mo\u021biune de cenzur\u0103 depus\u0103 de opozi\u021bie \u00eempotriva puterii \u0219i exist\u0103 riscul, pentru c\u0103 au fost voci din interiorul PSD care au spus c\u0103 ar putea vota al\u0103turi de opozi\u021bie, s\u0103 se adune c\u00e2teva voturi \u00een plus pe l\u00e2ng\u0103 cele ale opozi\u021biei \u00eempotriva guvernului Bolojan.<\/p>\n<p>Mo\u021biunea va fi votat\u0103 \u0219i dezb\u0103tut\u0103 s\u0103pt\u0103m\u00e2na viitoare \u00een Parlament.<\/p>","protected":false},"excerpt":{"rendered":"<p>Dup\u0103 rezultatul alegerilor pentru Prim\u0103ria Capitalei sunt tensiuni \u00een coali\u021bie. Sursele Realitatea PLUS spun c\u0103&hellip;<\/p>\n","protected":false},"author":0,"featured_media":50447,"comment_status":"open","ping_status":"open","sticky":false,"template":"","format":"standard","meta":{"footnotes":""},"categories":[2],"tags":[],"class_list":["post-50454","post","type-post","status-publish","format-standard","has-post-thumbnail","hentry","category-actual"],"_links":{"self":[{"href":"https:\/\/247stiri.ro\/index.php\/wp-json\/wp\/v2\/posts\/50454","targetHints":{"allow":["GET"]}}],"collection":[{"href":"https:\/\/247stiri.ro\/index.php\/wp-json\/wp\/v2\/posts"}],"about":[{"href":"https:\/\/247stiri.ro\/index.php\/wp-json\/wp\/v2\/types\/post"}],"replies":[{"embeddable":true,"href":"https:\/\/247stiri.ro\/index.php\/wp-json\/wp\/v2\/comments?post=50454"}],"version-history":[{"count":0,"href":"https:\/\/247stiri.ro\/index.php\/wp-json\/wp\/v2\/posts\/50454\/revisions"}],"wp:featuredmedia":[{"embeddable":true,"href":"https:\/\/247stiri.ro\/index.php\/wp-json\/wp\/v2\/media\/50447"}],"wp:attachment":[{"href":"https:\/\/247stiri.ro\/index.php\/wp-json\/wp\/v2\/media?parent=50454"}],"wp:term":[{"taxonomy":"category","embeddable":true,"href":"https:\/\/247stiri.ro\/index.php\/wp-json\/wp\/v2\/categories?post=50454"},{"taxonomy":"post_tag","embeddable":true,"href":"https:\/\/247stiri.ro\/index.php\/wp-json\/wp\/v2\/tags?post=50454"}],"curies":[{"name":"wp","href":"https:\/\/api.w.org\/{rel}","templated":true}]}}