{"id":50456,"date":"2025-12-08T08:46:18","date_gmt":"2025-12-08T08:46:18","guid":{"rendered":"https:\/\/247stiri.ro\/index.php\/2025\/12\/08\/tensiuni-la-psd-dupa-infrangerea-umilitoare-a-lui-daniel-baluta\/"},"modified":"2025-12-08T08:46:18","modified_gmt":"2025-12-08T08:46:18","slug":"tensiuni-la-psd-dupa-infrangerea-umilitoare-a-lui-daniel-baluta","status":"publish","type":"post","link":"https:\/\/247stiri.ro\/index.php\/2025\/12\/08\/tensiuni-la-psd-dupa-infrangerea-umilitoare-a-lui-daniel-baluta\/","title":{"rendered":"Tensiuni la PSD, dup\u0103 \u00eenfr\u00e2ngerea umilitoare a lui Daniel B\u0103lu\u021b\u0103"},"content":{"rendered":"<p>\u00cenfr\u00e2ngerea lui B\u0103lu\u021b\u0103 poate arunca \u00een aer Coali\u021bia. Potrivit surselor Realitatea Plus, social-democra\u021bii trebuie s\u0103 decid\u0103 dac\u0103 sus\u021bin reforma din administra\u021bie, inclusiv t\u0103ierile de salarii \u0219i concedierile cerute de Ilie Bolojan, pe care PSD a anun\u021bat deja c\u0103 nu le sus\u021bine.<\/p>\n<p>Din acest motiv, indic\u0103 sursele politice citate de Realitatea Plus, PSD este scindat \u00een dou\u0103 tabere: una care cere ie\u0219irea din Coali\u021bie, \u00een care se reg\u0103sesc numero\u0219i primari afecta\u021bi de reformele lui Bolojan, \u0219i alta care sus\u021bine r\u0103m\u00e2nerea \u00een Coali\u021bie, cu eventuale concesii pe care le-ar putea face.<\/p>\n<p>\u00cen plus, Sorin Grindeanu solicit\u0103 eliminarea de urgen\u021b\u0103 a taxei pe sere \u0219i respinge m\u0103surile propuse de USR \u0219i PNL \u00een programul de relansare economic\u0103.<\/p>\n<p>Pe de alt\u0103 parte, cauzele scorului dezam\u0103gitor ob\u021binut de Daniel B\u0103lu\u021b\u0103 vor fi analizate \u00eentr-o \u0219edin\u021b\u0103 special\u0103, pentru c\u0103 exist\u0103 semne serioase de \u00eengrijorare \u00een interiorul partidului.<\/p>","protected":false},"excerpt":{"rendered":"<p>\u00cenfr\u00e2ngerea lui B\u0103lu\u021b\u0103 poate arunca \u00een aer Coali\u021bia. Potrivit surselor Realitatea Plus, social-democra\u021bii trebuie s\u0103&hellip;<\/p>\n","protected":false},"author":0,"featured_media":50451,"comment_status":"open","ping_status":"open","sticky":false,"template":"","format":"standard","meta":{"footnotes":""},"categories":[2],"tags":[],"class_list":["post-50456","post","type-post","status-publish","format-standard","has-post-thumbnail","hentry","category-actual"],"_links":{"self":[{"href":"https:\/\/247stiri.ro\/index.php\/wp-json\/wp\/v2\/posts\/50456","targetHints":{"allow":["GET"]}}],"collection":[{"href":"https:\/\/247stiri.ro\/index.php\/wp-json\/wp\/v2\/posts"}],"about":[{"href":"https:\/\/247stiri.ro\/index.php\/wp-json\/wp\/v2\/types\/post"}],"replies":[{"embeddable":true,"href":"https:\/\/247stiri.ro\/index.php\/wp-json\/wp\/v2\/comments?post=50456"}],"version-history":[{"count":0,"href":"https:\/\/247stiri.ro\/index.php\/wp-json\/wp\/v2\/posts\/50456\/revisions"}],"wp:featuredmedia":[{"embeddable":true,"href":"https:\/\/247stiri.ro\/index.php\/wp-json\/wp\/v2\/media\/50451"}],"wp:attachment":[{"href":"https:\/\/247stiri.ro\/index.php\/wp-json\/wp\/v2\/media?parent=50456"}],"wp:term":[{"taxonomy":"category","embeddable":true,"href":"https:\/\/247stiri.ro\/index.php\/wp-json\/wp\/v2\/categories?post=50456"},{"taxonomy":"post_tag","embeddable":true,"href":"https:\/\/247stiri.ro\/index.php\/wp-json\/wp\/v2\/tags?post=50456"}],"curies":[{"name":"wp","href":"https:\/\/api.w.org\/{rel}","templated":true}]}}