{"id":50475,"date":"2025-12-08T09:46:09","date_gmt":"2025-12-08T09:46:09","guid":{"rendered":"https:\/\/247stiri.ro\/index.php\/2025\/12\/08\/bolojan-ingheata-salariile-de-anul-viitor-sedinta-cruciala-la-guvern-cat-pierd-romanii-daca-salariul-minim-nu-creste-surse\/"},"modified":"2025-12-08T09:46:09","modified_gmt":"2025-12-08T09:46:09","slug":"bolojan-ingheata-salariile-de-anul-viitor-sedinta-cruciala-la-guvern-cat-pierd-romanii-daca-salariul-minim-nu-creste-surse","status":"publish","type":"post","link":"https:\/\/247stiri.ro\/index.php\/2025\/12\/08\/bolojan-ingheata-salariile-de-anul-viitor-sedinta-cruciala-la-guvern-cat-pierd-romanii-daca-salariul-minim-nu-creste-surse\/","title":{"rendered":"Bolojan \u00eenghea\u021b\u0103 salariile de anul viitor, \u0219edin\u021b\u0103 crucial\u0103 la Guvern. C\u00e2t pierd rom\u00e2nii dac\u0103 salariul minim nu cre\u0219te &#8211; SURSE"},"content":{"rendered":"<p>Sursele Realitatea PLUS sus\u021bin c\u0103 miercuri la ora 14 va avea loc \u00eent\u00e2lnirea la Palatul Victoria \u00eentre reprezentan\u021bii guvernului, sindicate \u0219i patronate.<\/p>\n<p>Ace\u0219tia vor discuta \u00een principal despre salariul minim pe economie, \u00eens\u0103 decizia este deja luat\u0103, pentru c\u0103 sursele spun c\u0103 va fi \u00eenghe\u021bat venitul minim anul viitor \u0219i toate veniturile din sistemul bugetar vor r\u0103m\u00e2ne la acela\u0219i nivel.<\/p>\n<p>\u00cen cel mult dou\u0103 s\u0103pt\u0103m\u00e2ni guvernul va veni \u0219i cu actul normativ care prevede \u00eenghe\u021barea veniturilor.<\/p>\n<p>Pe de alt\u0103 parte, sindicatele nu sunt de acord cu varianta \u00eenghe\u021b\u0103rii, cer actualizarea venitului \u00een func\u021bie de directiva european\u0103, iar sursele spun c\u0103 la aceast\u0103 \u00eent\u00e2lnire vor merge cu o propunere s\u0103 se majoreze venitul la 4350 lei brut \u00een func\u021bie de directiva european\u0103 \u0219i s\u0103 fie eliminat\u0103 facilitatea fiscal\u0103 de 300 de lei, pentru c\u0103 ar dezavantaja o parte dintre angaja\u021bi.<\/p>\n<p>R\u0103m\u00e2ne de v\u0103zut dup\u0103 discu\u021bia de miercuri. Cert este c\u0103 premierul \u00ee\u0219i dore\u0219te ca veniturile s\u0103 r\u0103m\u00e2n\u0103 \u00eenghe\u021bate.<\/p>","protected":false},"excerpt":{"rendered":"<p>Sursele Realitatea PLUS sus\u021bin c\u0103 miercuri la ora 14 va avea loc \u00eent\u00e2lnirea la Palatul&hellip;<\/p>\n","protected":false},"author":0,"featured_media":50468,"comment_status":"open","ping_status":"open","sticky":false,"template":"","format":"standard","meta":{"footnotes":""},"categories":[2],"tags":[],"class_list":["post-50475","post","type-post","status-publish","format-standard","has-post-thumbnail","hentry","category-actual"],"_links":{"self":[{"href":"https:\/\/247stiri.ro\/index.php\/wp-json\/wp\/v2\/posts\/50475","targetHints":{"allow":["GET"]}}],"collection":[{"href":"https:\/\/247stiri.ro\/index.php\/wp-json\/wp\/v2\/posts"}],"about":[{"href":"https:\/\/247stiri.ro\/index.php\/wp-json\/wp\/v2\/types\/post"}],"replies":[{"embeddable":true,"href":"https:\/\/247stiri.ro\/index.php\/wp-json\/wp\/v2\/comments?post=50475"}],"version-history":[{"count":0,"href":"https:\/\/247stiri.ro\/index.php\/wp-json\/wp\/v2\/posts\/50475\/revisions"}],"wp:featuredmedia":[{"embeddable":true,"href":"https:\/\/247stiri.ro\/index.php\/wp-json\/wp\/v2\/media\/50468"}],"wp:attachment":[{"href":"https:\/\/247stiri.ro\/index.php\/wp-json\/wp\/v2\/media?parent=50475"}],"wp:term":[{"taxonomy":"category","embeddable":true,"href":"https:\/\/247stiri.ro\/index.php\/wp-json\/wp\/v2\/categories?post=50475"},{"taxonomy":"post_tag","embeddable":true,"href":"https:\/\/247stiri.ro\/index.php\/wp-json\/wp\/v2\/tags?post=50475"}],"curies":[{"name":"wp","href":"https:\/\/api.w.org\/{rel}","templated":true}]}}