{"id":50494,"date":"2025-12-08T10:45:21","date_gmt":"2025-12-08T10:45:21","guid":{"rendered":"https:\/\/247stiri.ro\/index.php\/2025\/12\/08\/primul-scandal-dupa-alegeri-ciucu-arunca-bomba-nicusor-dan-a-votat-o-pe-ana-ciceala\/"},"modified":"2025-12-08T10:45:21","modified_gmt":"2025-12-08T10:45:21","slug":"primul-scandal-dupa-alegeri-ciucu-arunca-bomba-nicusor-dan-a-votat-o-pe-ana-ciceala","status":"publish","type":"post","link":"https:\/\/247stiri.ro\/index.php\/2025\/12\/08\/primul-scandal-dupa-alegeri-ciucu-arunca-bomba-nicusor-dan-a-votat-o-pe-ana-ciceala\/","title":{"rendered":"Primul scandal dup\u0103 alegeri, Ciucu arunc\u0103 bomba: \u201eNicu\u0219or Dan a votat-o pe Ana Ciceal\u0103\u201d"},"content":{"rendered":"<p>Dup\u0103 ce a devenit primar general al Capitalei, Ciprian Ciucu \u0219i-a exprimat dorin\u021ba de a avea o bun\u0103 colaborare profesional\u0103 cu actualul pre\u0219edinte \u0219i fost primar al Capitalei, Nicu\u0219or Dan.<\/p>\n<p>\u201eSper s\u0103 am o rela\u021bie bun\u0103 cu pre\u0219edintele Rom\u00e2niei.\u201d, a declarat Ciprian Ciucu.<\/p>\n<p>Ciucu: Nicu\u0219or Dan a votat-o pe Ana Ciceal\u0103<\/p>\n<p>\u00centrebat dac\u0103 pre\u0219edintele Nicu\u0219or Dan l-a votat, Ciucu a r\u0103spuns c\u0103 \u0219tie c\u0103 a votat-o pe Ana Ciceal\u0103, \u00een ciuda campaniei accelerate pe care \u0219i-a manifestat-o \u00een campanie pentru candidatul USR, C\u0103t\u0103lin Drul\u0103.<\/p>\n<p>\u201eCrede\u021bi c\u0103 v-a votat?\u201d<\/p>\n<p>\u201eNu! \u0218tiu c\u0103 a votat-o pe Ana Ciceal\u0103.\u201d, a spus Ciucu.<\/p>\n<p>Potrivit presei, Ciucu a declarat ulterior c\u0103 nu mai vrea s\u0103 abordeze acest subiect, spun\u00e2nd c\u0103 a aceast\u0103 afirma\u021bie pe care a f\u0103cut-o este o gre\u0219eal\u0103.<\/p>\n<p>Odat\u0103 cu c\u00e2\u0219tigarea Prim\u0103riei Capitalei, Ciucu \u00ee\u0219i dore\u0219te stabilitate, a\u0219adar militeaz\u0103 pentru p\u0103strarea coali\u021biei de guvernare.<\/p>\n<p>\u201eDinamica \u00een coali\u021bie nu cred c\u0103 se va schimba, trebuie s\u0103 r\u0103m\u00e2n\u0103 aceea\u0219i coali\u021bie. Premierul trebuie s\u0103 aib\u0103 sprijin din partea pre\u0219edintelui Nicu\u0219or Dan \u0219i din partea tuturor membrilor \u0219i pre\u0219edin\u021bilor coali\u021biei, deci nu cred c\u0103 se va schimba \u0219i nu trebuie s\u0103 se schimbe dinamica \u00een coali\u021bie, doar ca guvernarea s\u0103 livreze reformele pe care le-a promis.\u201d, a spus Ciucu.<\/p>\n<p>Reporter: \u201eAvem mo\u021biune s\u0103pt\u0103m\u00e2nile urm\u0103toare. Crede\u021bi c\u0103 PSD e cumva o amenin\u021bare?\u201d<\/p>\n<p>Ciucu: \u201eSper s\u0103 nu fie \u0219i nu cred c\u0103 este.\u201d<\/p>\n<p>Ciucu: \u201eNu m\u0103 intereseaz\u0103 s\u0103 candidez la preziden\u021biale, nu voi candida la preziden\u021biale. Tot ce \u00eemi doresc este un num\u0103r consecutiv de mandate, pentru c\u0103 ora\u0219ele care s-au schimbat cu adev\u0103rat \u00een Rom\u00e2nia au avut primari care nu au stat doar un singur mandat sau un rest de mandat, ci au stat acolo 10 ani.\u201d<\/p>\n<p>Reporter: \u201eMai sunte\u021bi sup\u0103rat pe cei de la USR?\u201d<\/p>\n<p>Ciucu: \u201eNu m\u0103 mai g\u00e2ndesc la trecut, merg \u00eenainte.\u201d<\/p>","protected":false},"excerpt":{"rendered":"<p>Dup\u0103 ce a devenit primar general al Capitalei, Ciprian Ciucu \u0219i-a exprimat dorin\u021ba de a&hellip;<\/p>\n","protected":false},"author":0,"featured_media":50464,"comment_status":"open","ping_status":"open","sticky":false,"template":"","format":"standard","meta":{"footnotes":""},"categories":[2],"tags":[],"class_list":["post-50494","post","type-post","status-publish","format-standard","has-post-thumbnail","hentry","category-actual"],"_links":{"self":[{"href":"https:\/\/247stiri.ro\/index.php\/wp-json\/wp\/v2\/posts\/50494","targetHints":{"allow":["GET"]}}],"collection":[{"href":"https:\/\/247stiri.ro\/index.php\/wp-json\/wp\/v2\/posts"}],"about":[{"href":"https:\/\/247stiri.ro\/index.php\/wp-json\/wp\/v2\/types\/post"}],"replies":[{"embeddable":true,"href":"https:\/\/247stiri.ro\/index.php\/wp-json\/wp\/v2\/comments?post=50494"}],"version-history":[{"count":0,"href":"https:\/\/247stiri.ro\/index.php\/wp-json\/wp\/v2\/posts\/50494\/revisions"}],"wp:featuredmedia":[{"embeddable":true,"href":"https:\/\/247stiri.ro\/index.php\/wp-json\/wp\/v2\/media\/50464"}],"wp:attachment":[{"href":"https:\/\/247stiri.ro\/index.php\/wp-json\/wp\/v2\/media?parent=50494"}],"wp:term":[{"taxonomy":"category","embeddable":true,"href":"https:\/\/247stiri.ro\/index.php\/wp-json\/wp\/v2\/categories?post=50494"},{"taxonomy":"post_tag","embeddable":true,"href":"https:\/\/247stiri.ro\/index.php\/wp-json\/wp\/v2\/tags?post=50494"}],"curies":[{"name":"wp","href":"https:\/\/api.w.org\/{rel}","templated":true}]}}