{"id":50499,"date":"2025-12-08T11:45:31","date_gmt":"2025-12-08T11:45:31","guid":{"rendered":"https:\/\/247stiri.ro\/index.php\/2025\/12\/08\/fritz-merge-cu-nicusor-dan-la-paris-dupa-esecul-la-capitala-discutii-despre-achizitii-militare\/"},"modified":"2025-12-08T11:45:31","modified_gmt":"2025-12-08T11:45:31","slug":"fritz-merge-cu-nicusor-dan-la-paris-dupa-esecul-la-capitala-discutii-despre-achizitii-militare","status":"publish","type":"post","link":"https:\/\/247stiri.ro\/index.php\/2025\/12\/08\/fritz-merge-cu-nicusor-dan-la-paris-dupa-esecul-la-capitala-discutii-despre-achizitii-militare\/","title":{"rendered":"Fritz merge cu Nicu\u0219or Dan la Paris, dup\u0103 e\u0219ecul la Capital\u0103. Discu\u021bii despre achizi\u021bii militare"},"content":{"rendered":"<p>Din informa\u021biile Realitatea PLUS, liderul USR va participa \u0219i el la vizita pe care pre\u0219edintele Nicu\u0219or Dan o face \u00een Fran\u021ba. Totul, \u00een condi\u021biile \u00een care principalele teme de discu\u021bie de acolo vor fi legate de \u00eenarmare, de tehnica militar\u0103 pe care \u021bara noastr\u0103 urmeaz\u0103 s\u0103 o cumpere, inclusiv din Fran\u021ba. Inclusiv pre\u0219edintele Fran\u021bei Emmanuel Macron a transmis aceast\u0103 informa\u021bie.\u00a0<\/p>\n<p>La aceast\u0103 deplasare particip\u0103, de asemenea, \u0219i ministra de Externe, Oana \u021aoiu (USR).\u00a0<\/p>","protected":false},"excerpt":{"rendered":"<p>Din informa\u021biile Realitatea PLUS, liderul USR va participa \u0219i el la vizita pe care pre\u0219edintele&hellip;<\/p>\n","protected":false},"author":0,"featured_media":50500,"comment_status":"open","ping_status":"open","sticky":false,"template":"","format":"standard","meta":{"footnotes":""},"categories":[3],"tags":[],"class_list":["post-50499","post","type-post","status-publish","format-standard","has-post-thumbnail","hentry","category-politica"],"_links":{"self":[{"href":"https:\/\/247stiri.ro\/index.php\/wp-json\/wp\/v2\/posts\/50499","targetHints":{"allow":["GET"]}}],"collection":[{"href":"https:\/\/247stiri.ro\/index.php\/wp-json\/wp\/v2\/posts"}],"about":[{"href":"https:\/\/247stiri.ro\/index.php\/wp-json\/wp\/v2\/types\/post"}],"replies":[{"embeddable":true,"href":"https:\/\/247stiri.ro\/index.php\/wp-json\/wp\/v2\/comments?post=50499"}],"version-history":[{"count":0,"href":"https:\/\/247stiri.ro\/index.php\/wp-json\/wp\/v2\/posts\/50499\/revisions"}],"wp:featuredmedia":[{"embeddable":true,"href":"https:\/\/247stiri.ro\/index.php\/wp-json\/wp\/v2\/media\/50500"}],"wp:attachment":[{"href":"https:\/\/247stiri.ro\/index.php\/wp-json\/wp\/v2\/media?parent=50499"}],"wp:term":[{"taxonomy":"category","embeddable":true,"href":"https:\/\/247stiri.ro\/index.php\/wp-json\/wp\/v2\/categories?post=50499"},{"taxonomy":"post_tag","embeddable":true,"href":"https:\/\/247stiri.ro\/index.php\/wp-json\/wp\/v2\/tags?post=50499"}],"curies":[{"name":"wp","href":"https:\/\/api.w.org\/{rel}","templated":true}]}}