{"id":50502,"date":"2025-12-08T11:45:32","date_gmt":"2025-12-08T11:45:32","guid":{"rendered":"https:\/\/247stiri.ro\/index.php\/2025\/12\/08\/tanarul-care-a-provocat-accidentul-mortal-de-pe-soseaua-berceni-trimis-in-judecata\/"},"modified":"2025-12-08T11:45:32","modified_gmt":"2025-12-08T11:45:32","slug":"tanarul-care-a-provocat-accidentul-mortal-de-pe-soseaua-berceni-trimis-in-judecata","status":"publish","type":"post","link":"https:\/\/247stiri.ro\/index.php\/2025\/12\/08\/tanarul-care-a-provocat-accidentul-mortal-de-pe-soseaua-berceni-trimis-in-judecata\/","title":{"rendered":"T\u00e2n\u0103rul care a provocat accidentul mortal de pe \u0218oseaua Berceni, trimis \u00een judecat\u0103"},"content":{"rendered":"<p>Reprezentan\u0163ii Parchetului de pe l\u00e2ng\u0103 Judec\u0103toria Sectorului 4 Bucure\u015fti au anun\u0163at c\u0103 procurorii l-au trimis \u00een judecat\u0103, \u00een stare de arest preventiv, pe t\u00e2n\u0103rul care a provocat accidentul din 13 octombrie de pe \u015eoseaua Berceni, pentru ucidere din culp\u0103.<\/p>\n<p>\u201dLa data de 13.10.2025, \u00een jurul orei 16:00, inculpatul \u015e.S.F. a condus un autoturism pe \u015eoseaua Berceni din Sectorul 4, din direc\u0163ia str. Ion Iriceanu c\u0103tre D.N.C.B., iar c\u00e2nd a ajuns la trecerea de pietoni din dreptul imobilului cu nr. 50, pentru c\u0103 nu a respectat dispozi\u0163iile referitoare la regimul de vitez\u0103 \u015fi la acordarea de prioritate pietonilor angaja\u0163i \u00een traversarea drumului public, prin loc special amenajat, prev\u0103zute de O.U.G. nr. 195\/2002 \u015fi de Regulamentul de aplicare a O.U.G. nr. 195\/2002, a accidentat-o pe persoana v\u0103t\u0103mat\u0103 F.E., aflat\u0103 \u00een traversare pe marcajul pietonal, de la st\u00e2nga la dreapta fa\u0163\u0103 de sensul de mers al vehiculului, iar aceasta a decedat \u00een urma accidentului, \u00eentre leziunile traumatice \u015fi deces exist\u00e2nd o leg\u0103tur\u0103 de cauzalitate direct\u0103 necondi\u0163ionat\u0103\u201d, au stabilit procurorii.<\/p>\n\n<p><a href=\"https:\/\/www.realitatea.net\/stiri\/actual\/soferul-care-a-ucis-o-femeie-si-a-ranit-un-bebelus-n-capitala-retinut-explicatia-halucinanta-a-tanarului-nu-a-tinut-frana_68ede9512b2d1d7192572849\" target=\"_blank\">\u0218oferul care a ucis o femeie \u0219i a r\u0103nit un bebelu\u0219, \u00een Capital\u0103, re\u021binut. Explica\u021bia halucinant\u0103 a t\u00e2n\u0103rului: &#8222;Nu a \u021binut fr\u00e2na&#8221;<\/a><\/p>\n<p>Urm\u0103rirea penal\u0103 a fost desf\u0103\u015furat\u0103 de un procuror din cadrul Parchetului de pe l\u00e2ng\u0103 Judec\u0103toria Sectorului 4 Bucure\u015fti, \u00eempreun\u0103 cu organele de cercetare penal\u0103 din cadrul D.G.P.M.B. \u2013 Brigada Rutier\u0103 Bucure\u015fti.<\/p>\n<p>Accidentul a fost provocat de un t\u00e2n\u0103r de 20 de ani, care a lovit, pe trecerea de pietoni, o femeie de 35 de ani care \u00ee\u015fi ducea copilul de doi ani \u00een c\u0103rucior. \u00cen urma impactului ini\u0163ial, femeia a fost proiectat\u0103 pe sensul opus de mers, unde s-a lovit de alte dou\u0103 autoturisme care a\u015fteptau \u00een coloan\u0103. Copilul a fost r\u0103nit \u00een urma accidentului.<\/p>\n<p>T\u00e2n\u0103rul care a provocat accidentul a fost arestat preventiv.<\/p>","protected":false},"excerpt":{"rendered":"<p>Reprezentan\u0163ii Parchetului de pe l\u00e2ng\u0103 Judec\u0103toria Sectorului 4 Bucure\u015fti au anun\u0163at c\u0103 procurorii l-au trimis&hellip;<\/p>\n","protected":false},"author":0,"featured_media":50503,"comment_status":"open","ping_status":"open","sticky":false,"template":"","format":"standard","meta":{"footnotes":""},"categories":[2],"tags":[],"class_list":["post-50502","post","type-post","status-publish","format-standard","has-post-thumbnail","hentry","category-actual"],"_links":{"self":[{"href":"https:\/\/247stiri.ro\/index.php\/wp-json\/wp\/v2\/posts\/50502","targetHints":{"allow":["GET"]}}],"collection":[{"href":"https:\/\/247stiri.ro\/index.php\/wp-json\/wp\/v2\/posts"}],"about":[{"href":"https:\/\/247stiri.ro\/index.php\/wp-json\/wp\/v2\/types\/post"}],"replies":[{"embeddable":true,"href":"https:\/\/247stiri.ro\/index.php\/wp-json\/wp\/v2\/comments?post=50502"}],"version-history":[{"count":0,"href":"https:\/\/247stiri.ro\/index.php\/wp-json\/wp\/v2\/posts\/50502\/revisions"}],"wp:featuredmedia":[{"embeddable":true,"href":"https:\/\/247stiri.ro\/index.php\/wp-json\/wp\/v2\/media\/50503"}],"wp:attachment":[{"href":"https:\/\/247stiri.ro\/index.php\/wp-json\/wp\/v2\/media?parent=50502"}],"wp:term":[{"taxonomy":"category","embeddable":true,"href":"https:\/\/247stiri.ro\/index.php\/wp-json\/wp\/v2\/categories?post=50502"},{"taxonomy":"post_tag","embeddable":true,"href":"https:\/\/247stiri.ro\/index.php\/wp-json\/wp\/v2\/tags?post=50502"}],"curies":[{"name":"wp","href":"https:\/\/api.w.org\/{rel}","templated":true}]}}