{"id":50505,"date":"2025-12-08T11:45:34","date_gmt":"2025-12-08T11:45:34","guid":{"rendered":"https:\/\/247stiri.ro\/index.php\/2025\/12\/08\/batai-si-arestari-la-atena-la-marsul-de-comemorare-a-uciderii-adolescentului-ucis-de-un-politist-acum-17-ani\/"},"modified":"2025-12-08T11:45:34","modified_gmt":"2025-12-08T11:45:34","slug":"batai-si-arestari-la-atena-la-marsul-de-comemorare-a-uciderii-adolescentului-ucis-de-un-politist-acum-17-ani","status":"publish","type":"post","link":"https:\/\/247stiri.ro\/index.php\/2025\/12\/08\/batai-si-arestari-la-atena-la-marsul-de-comemorare-a-uciderii-adolescentului-ucis-de-un-politist-acum-17-ani\/","title":{"rendered":"B\u0103t\u0103i \u0219i arest\u0103ri la Atena la mar\u0219ul de comemorare a uciderii adolescentului ucis de un poli\u021bist acum 17 ani"},"content":{"rendered":"<p>S\u00e2mb\u0103t\u0103, 6 decembrie 2025, mii de oameni s-au adunat \u00een centrul Atenei, \u00een cartierul Exarchia, unde s-a produs tragedia. Manifesta\u021biile au inclus mar\u0219uri ale studen\u021bilor de la Propylaea \u0219i o veghe nocturn\u0103 la memorialul de pe str\u0103zile Mesolongiou \u0219i Tzavella, dar \u00een jurul orei 20:00, circa 400 de protestatari s-au desprins din coloana principal\u0103 de 5.000 de participan\u021bi, provoc\u00e2nd ciocniri.\u200b<\/p>\n<p>Autorit\u0103\u021bile au impus m\u0103suri stricte de securitate, \u00eenchiz\u00e2nd sta\u021bii de metrou \u0219i drumuri principale. Poli\u021bia a folosit gaze lacrimogene, rezult\u00e2nd 16 arest\u0103ri \u0219i 54 de re\u021bineri pentru verific\u0103ri, dintre care patru au devenit ulterior arest\u0103ri definitive.\u200b<\/p>\n<p>Contextul tragediei din 2008<\/p>\n<p>Alexandros Grigoropoulos a fost \u00eempu\u0219cat mortal \u00een piept de poli\u021bistul Epaminondas Korkoneas, \u00een urma unei alterca\u021bii verbale cu un grup de adolescen\u021bi. Incidentul a declan\u0219at proteste masive \u00een Grecia, simboliz\u00e2nd brutalitatea poli\u021bieneasc\u0103.\u200b<\/p>\n<p>Korkoneas a sus\u021binut c\u0103 a tras \u00een aer pentru a avertiza, dar martorii \u0219i expertizele medicale au infirmat versiunea sa. Condamnat ini\u021bial la \u00eenchisoare pe via\u021b\u0103 pentru omor inten\u021bionat, pedeapsa i-a fost redus\u0103 la 13 ani \u00een 2019, el fiind eliberat \u0219i st\u00e2rnind noi controverse.<\/p>","protected":false},"excerpt":{"rendered":"<p>S\u00e2mb\u0103t\u0103, 6 decembrie 2025, mii de oameni s-au adunat \u00een centrul Atenei, \u00een cartierul Exarchia,&hellip;<\/p>\n","protected":false},"author":0,"featured_media":50483,"comment_status":"open","ping_status":"open","sticky":false,"template":"","format":"standard","meta":{"footnotes":""},"categories":[2],"tags":[],"class_list":["post-50505","post","type-post","status-publish","format-standard","has-post-thumbnail","hentry","category-actual"],"_links":{"self":[{"href":"https:\/\/247stiri.ro\/index.php\/wp-json\/wp\/v2\/posts\/50505","targetHints":{"allow":["GET"]}}],"collection":[{"href":"https:\/\/247stiri.ro\/index.php\/wp-json\/wp\/v2\/posts"}],"about":[{"href":"https:\/\/247stiri.ro\/index.php\/wp-json\/wp\/v2\/types\/post"}],"replies":[{"embeddable":true,"href":"https:\/\/247stiri.ro\/index.php\/wp-json\/wp\/v2\/comments?post=50505"}],"version-history":[{"count":0,"href":"https:\/\/247stiri.ro\/index.php\/wp-json\/wp\/v2\/posts\/50505\/revisions"}],"wp:featuredmedia":[{"embeddable":true,"href":"https:\/\/247stiri.ro\/index.php\/wp-json\/wp\/v2\/media\/50483"}],"wp:attachment":[{"href":"https:\/\/247stiri.ro\/index.php\/wp-json\/wp\/v2\/media?parent=50505"}],"wp:term":[{"taxonomy":"category","embeddable":true,"href":"https:\/\/247stiri.ro\/index.php\/wp-json\/wp\/v2\/categories?post=50505"},{"taxonomy":"post_tag","embeddable":true,"href":"https:\/\/247stiri.ro\/index.php\/wp-json\/wp\/v2\/tags?post=50505"}],"curies":[{"name":"wp","href":"https:\/\/api.w.org\/{rel}","templated":true}]}}