{"id":50519,"date":"2025-12-08T12:45:13","date_gmt":"2025-12-08T12:45:13","guid":{"rendered":"https:\/\/247stiri.ro\/index.php\/2025\/12\/08\/ministrul-german-al-apararii-boris-pistorius-vizita-la-baza-57-din-mihail-kogalniceanu-intalnire-cu-premierul-ilie-bolojan\/"},"modified":"2025-12-08T12:45:13","modified_gmt":"2025-12-08T12:45:13","slug":"ministrul-german-al-apararii-boris-pistorius-vizita-la-baza-57-din-mihail-kogalniceanu-intalnire-cu-premierul-ilie-bolojan","status":"publish","type":"post","link":"https:\/\/247stiri.ro\/index.php\/2025\/12\/08\/ministrul-german-al-apararii-boris-pistorius-vizita-la-baza-57-din-mihail-kogalniceanu-intalnire-cu-premierul-ilie-bolojan\/","title":{"rendered":"Ministrul german al Ap\u0103r\u0103rii, Boris Pistorius, vizit\u0103 la Baza 57 din Mihail Kog\u0103lniceanu: \u00eent\u00e2lnire cu premierul Ilie Bolojan"},"content":{"rendered":"<p>La \u00eentrevedere va participa \u0219i secretarul de stat pentru Politica de ap\u0103rare, planificare \u0219i rela\u021bii interna\u021bionale din cadrul MApN, Sorin Dan Moldovan.<\/p>\n<p>Ulterior sunt programate declara\u021bii comune de pres\u0103 sus\u021binute de premierul Ilie Bolojan \u0219i de ministrul german al Ap\u0103r\u0103rii, a anun\u021bat Biroul de pres\u0103 al Guvernului.<\/p>\n<p>Potrivit MApN, discu\u021biile de la Baza Kog\u0103lniceanu vor viza cooperarea bilateral\u0103 \u00een domeniul ap\u0103r\u0103rii, proiectele comune \u0219i evolu\u021biile regionale de securitate.<\/p>\n<p>Vizita ministrului Pistorius eviden\u021biaz\u0103 angajamentul constant al Germaniei fa\u021b\u0103 de securitatea Rom\u00e2niei \u0219i fa\u021b\u0103 de consolidarea cooper\u0103rii \u00een cadrul NATO, a transmis MApN.\u00a0<\/p>","protected":false},"excerpt":{"rendered":"<p>La \u00eentrevedere va participa \u0219i secretarul de stat pentru Politica de ap\u0103rare, planificare \u0219i rela\u021bii&hellip;<\/p>\n","protected":false},"author":0,"featured_media":50520,"comment_status":"open","ping_status":"open","sticky":false,"template":"","format":"standard","meta":{"footnotes":""},"categories":[3],"tags":[],"class_list":["post-50519","post","type-post","status-publish","format-standard","has-post-thumbnail","hentry","category-politica"],"_links":{"self":[{"href":"https:\/\/247stiri.ro\/index.php\/wp-json\/wp\/v2\/posts\/50519","targetHints":{"allow":["GET"]}}],"collection":[{"href":"https:\/\/247stiri.ro\/index.php\/wp-json\/wp\/v2\/posts"}],"about":[{"href":"https:\/\/247stiri.ro\/index.php\/wp-json\/wp\/v2\/types\/post"}],"replies":[{"embeddable":true,"href":"https:\/\/247stiri.ro\/index.php\/wp-json\/wp\/v2\/comments?post=50519"}],"version-history":[{"count":0,"href":"https:\/\/247stiri.ro\/index.php\/wp-json\/wp\/v2\/posts\/50519\/revisions"}],"wp:featuredmedia":[{"embeddable":true,"href":"https:\/\/247stiri.ro\/index.php\/wp-json\/wp\/v2\/media\/50520"}],"wp:attachment":[{"href":"https:\/\/247stiri.ro\/index.php\/wp-json\/wp\/v2\/media?parent=50519"}],"wp:term":[{"taxonomy":"category","embeddable":true,"href":"https:\/\/247stiri.ro\/index.php\/wp-json\/wp\/v2\/categories?post=50519"},{"taxonomy":"post_tag","embeddable":true,"href":"https:\/\/247stiri.ro\/index.php\/wp-json\/wp\/v2\/tags?post=50519"}],"curies":[{"name":"wp","href":"https:\/\/api.w.org\/{rel}","templated":true}]}}