{"id":50574,"date":"2025-12-08T16:45:06","date_gmt":"2025-12-08T16:45:06","guid":{"rendered":"https:\/\/247stiri.ro\/index.php\/2025\/12\/08\/nicusor-dan-pierde-meciul-cu-parlamentul-pe-tema-extremismului-neclaritatile-semnatice-nu-i-au-impresionat-pe-senatori-si-deputati\/"},"modified":"2025-12-08T16:45:06","modified_gmt":"2025-12-08T16:45:06","slug":"nicusor-dan-pierde-meciul-cu-parlamentul-pe-tema-extremismului-neclaritatile-semnatice-nu-i-au-impresionat-pe-senatori-si-deputati","status":"publish","type":"post","link":"https:\/\/247stiri.ro\/index.php\/2025\/12\/08\/nicusor-dan-pierde-meciul-cu-parlamentul-pe-tema-extremismului-neclaritatile-semnatice-nu-i-au-impresionat-pe-senatori-si-deputati\/","title":{"rendered":"Nicu\u0219or Dan pierde meciul cu Parlamentul pe tema extremismului. \u201eNeclarit\u0103\u021bile semnatice\u201d nu i-au impresionat pe senatori \u0219i deputa\u021bi"},"content":{"rendered":"<p>Mesajul pre\u0219edintelui Nicu\u0219or Dan, transmis odat\u0103 cu solicitarea de reexaminare a legii pentru combaterea extremismului, subliniaz\u0103 o tensiune major\u0103 \u00eentre necesitatea fermit\u0103\u021bii statului \u00een fa\u021ba urii \u0219i imperativul clarit\u0103\u021bii legislative.<\/p>\n<p>Ce argumente \u201eimbatabile\u201d a prezentat Nicu\u0219or Dan<\/p>\n<p>\u0218eful statului avertizeaz\u0103 c\u0103, de\u0219i Rom\u00e2nia are datoria de a ac\u021biona \u00eempotriva xenofobiei \u0219i discrimin\u0103rii, acest obiectiv nu poate fi atins prin norme echivoce care risc\u0103 s\u0103 produc\u0103 efecte contrare, precum ad\u00e2ncirea ne\u00eencrederii \u00een institu\u021bii \u0219i amplificarea polariz\u0103rii sociale.<\/p>\n<p>Argumentul central este c\u0103 lipsa de previzibilitate a legii \u00een definirea infrac\u021biunilor ar putea transforma \u00een infractori persoane f\u0103r\u0103 nicio leg\u0103tur\u0103 cu extremismul, din cauza unor interpret\u0103ri judiciare abuzive sau neunitare.<\/p>\n<p>Un punct critic ridicat de pre\u0219edinte vizeaz\u0103 sanc\u021bionarea cu \u00eenchisoare a distribuirii materialelor ce con\u021bin idei xenofobe, f\u0103r\u0103 a face distinc\u021bia necesar\u0103 \u00eentre propaganda mali\u021bioas\u0103 \u0219i operele de valoare istoric\u0103 sau literar\u0103.<\/p>\n<p>\u00cen actuala form\u0103, legea ar putea incrimina transmiterea unor scrieri clasice de autori precum Mihai Eminescu, Ion Creang\u0103 sau William Shakespeare, ale c\u0103ror texte con\u021bin idei specifice contextului epocii lor, dar care fac parte din patrimoniul cultural universal.<\/p>\n<p>Pre\u0219edintele s-a \u00eempiedicat \u00een \u201eneclarit\u0103\u021bi semantice\u201d<\/p>\n<p>Totodat\u0103, textul legislativ sufer\u0103 de o neclaritate semantic\u0103 \u00een privin\u021ba organiza\u021biilor cu caracter legionar. Nicu\u0219or Dan subliniaz\u0103 dificultatea de a distinge \u00eentre asocia\u021biile care promoveaz\u0103 rezisten\u021ba anticomunist\u0103 ori memoria \u00eenchisorilor \u0219i cele care ar glorifica mi\u0219carea legionar\u0103, l\u0103s\u00e2nd loc pentru confuzii \u00eentre apartenen\u021ba la o grupare extremist\u0103 \u0219i eforturile de documentare a istoriei sau cercetarea \u0219tiin\u021bific\u0103 a operelor unor mari intelectuali precum Mircea Eliade.<\/p>\n<p>\u00cen final, pre\u0219edintele insist\u0103 pe necesitatea unor defini\u021bii riguroase pentru sintagme precum \u201econducerea unei organiza\u021bii\u201d, punct\u00e2nd c\u0103 ambiguitatea dintre conducerea formal\u0103 \u0219i cea de notorietate poate duce la aplic\u0103ri discre\u021bionare ale unor pedepse aspre, care variaz\u0103 \u00eentre trei \u0219i zece ani de \u00eenchisoare.<\/p>","protected":false},"excerpt":{"rendered":"<p>Mesajul pre\u0219edintelui Nicu\u0219or Dan, transmis odat\u0103 cu solicitarea de reexaminare a legii pentru combaterea extremismului,&hellip;<\/p>\n","protected":false},"author":0,"featured_media":50571,"comment_status":"open","ping_status":"open","sticky":false,"template":"","format":"standard","meta":{"footnotes":""},"categories":[2],"tags":[],"class_list":["post-50574","post","type-post","status-publish","format-standard","has-post-thumbnail","hentry","category-actual"],"_links":{"self":[{"href":"https:\/\/247stiri.ro\/index.php\/wp-json\/wp\/v2\/posts\/50574","targetHints":{"allow":["GET"]}}],"collection":[{"href":"https:\/\/247stiri.ro\/index.php\/wp-json\/wp\/v2\/posts"}],"about":[{"href":"https:\/\/247stiri.ro\/index.php\/wp-json\/wp\/v2\/types\/post"}],"replies":[{"embeddable":true,"href":"https:\/\/247stiri.ro\/index.php\/wp-json\/wp\/v2\/comments?post=50574"}],"version-history":[{"count":0,"href":"https:\/\/247stiri.ro\/index.php\/wp-json\/wp\/v2\/posts\/50574\/revisions"}],"wp:featuredmedia":[{"embeddable":true,"href":"https:\/\/247stiri.ro\/index.php\/wp-json\/wp\/v2\/media\/50571"}],"wp:attachment":[{"href":"https:\/\/247stiri.ro\/index.php\/wp-json\/wp\/v2\/media?parent=50574"}],"wp:term":[{"taxonomy":"category","embeddable":true,"href":"https:\/\/247stiri.ro\/index.php\/wp-json\/wp\/v2\/categories?post=50574"},{"taxonomy":"post_tag","embeddable":true,"href":"https:\/\/247stiri.ro\/index.php\/wp-json\/wp\/v2\/tags?post=50574"}],"curies":[{"name":"wp","href":"https:\/\/api.w.org\/{rel}","templated":true}]}}