{"id":50575,"date":"2025-12-08T16:45:06","date_gmt":"2025-12-08T16:45:06","guid":{"rendered":"https:\/\/247stiri.ro\/index.php\/2025\/12\/08\/incendiu-la-sectia-de-psihiatrie-a-spitalului-judetean-din-deva-a-fost-activat-planul-rosu-de-interventie\/"},"modified":"2025-12-08T16:45:06","modified_gmt":"2025-12-08T16:45:06","slug":"incendiu-la-sectia-de-psihiatrie-a-spitalului-judetean-din-deva-a-fost-activat-planul-rosu-de-interventie","status":"publish","type":"post","link":"https:\/\/247stiri.ro\/index.php\/2025\/12\/08\/incendiu-la-sectia-de-psihiatrie-a-spitalului-judetean-din-deva-a-fost-activat-planul-rosu-de-interventie\/","title":{"rendered":"Incendiu la Sec\u0163ia de Psihiatrie a Spitalului Jude\u0163ean din Deva. A fost activat Planul Ro\u0219u de Interven\u021bie"},"content":{"rendered":"<p>\u201dCa urmare a producerii unui incendiu la Sec\u0163ia de Psihiatrie din cadrul Spitalului Jude\u0163ean, a fost activat Planul Ro\u015fu de Interven\u0163ie etapa I, la ora 17:10. Ca urmare a acestui eveniment s-au autoevacuat 26 pacien\u0163i (19 femei \u015fi 7 b\u0103rba\u0163i), precum \u015fi 4 cadre medicale\u201d, anun\u0163\u0103, luni sear\u0103, ISU Hunedoara.<\/p>\n<p>La scurt timp, la fa\u0163a locului au fost trimise mai multe autospeciale din cadrul Deta\u015famentelor Deva, Or\u0103\u015ftie \u015fi de la Sectia Ilia.<\/p>\n<p>\u201dEchipajele au localizat incendiul produs, cel mai probabil, din cauza unui scurtcircuit la un tablou electric. Dup\u0103 ventilarea spa\u0163iilor, pacien\u0163ii, ajuta\u0163i de <a href=\"https:\/\/www.realitatea.net\/stiri\/actual\/tragedie-la-cluj-un-barbat-a-murit-dupa-ce-a-incercat-sa-aprinda-focul-in-soba-cu-lichid-inflamabil-un-altul-a-fost-ranit-grav_69367e552d343f36cf043432\" target=\"_blank\">pompieri,<\/a> s-au re\u00eentors \u00een cl\u0103dire\u201d, a mai transmis sursa citat\u0103.<\/p>\n<p>Din fericire, nicio persoan\u0103 nu a avut nevoie de \u00eengrijiri medicale.<\/p>","protected":false},"excerpt":{"rendered":"<p>\u201dCa urmare a producerii unui incendiu la Sec\u0163ia de Psihiatrie din cadrul Spitalului Jude\u0163ean, a&hellip;<\/p>\n","protected":false},"author":0,"featured_media":50576,"comment_status":"open","ping_status":"open","sticky":false,"template":"","format":"standard","meta":{"footnotes":""},"categories":[2],"tags":[],"class_list":["post-50575","post","type-post","status-publish","format-standard","has-post-thumbnail","hentry","category-actual"],"_links":{"self":[{"href":"https:\/\/247stiri.ro\/index.php\/wp-json\/wp\/v2\/posts\/50575","targetHints":{"allow":["GET"]}}],"collection":[{"href":"https:\/\/247stiri.ro\/index.php\/wp-json\/wp\/v2\/posts"}],"about":[{"href":"https:\/\/247stiri.ro\/index.php\/wp-json\/wp\/v2\/types\/post"}],"replies":[{"embeddable":true,"href":"https:\/\/247stiri.ro\/index.php\/wp-json\/wp\/v2\/comments?post=50575"}],"version-history":[{"count":0,"href":"https:\/\/247stiri.ro\/index.php\/wp-json\/wp\/v2\/posts\/50575\/revisions"}],"wp:featuredmedia":[{"embeddable":true,"href":"https:\/\/247stiri.ro\/index.php\/wp-json\/wp\/v2\/media\/50576"}],"wp:attachment":[{"href":"https:\/\/247stiri.ro\/index.php\/wp-json\/wp\/v2\/media?parent=50575"}],"wp:term":[{"taxonomy":"category","embeddable":true,"href":"https:\/\/247stiri.ro\/index.php\/wp-json\/wp\/v2\/categories?post=50575"},{"taxonomy":"post_tag","embeddable":true,"href":"https:\/\/247stiri.ro\/index.php\/wp-json\/wp\/v2\/tags?post=50575"}],"curies":[{"name":"wp","href":"https:\/\/api.w.org\/{rel}","templated":true}]}}