{"id":50577,"date":"2025-12-08T16:45:07","date_gmt":"2025-12-08T16:45:07","guid":{"rendered":"https:\/\/247stiri.ro\/index.php\/2025\/12\/08\/habarnista-de-la-mediu-circ-in-parlament-dupa-dezastrul-din-prahova-si-dambovita-george-simion-nu-aveti-ce-cauta-pe-scaunul-de-ministru\/"},"modified":"2025-12-08T16:45:07","modified_gmt":"2025-12-08T16:45:07","slug":"habarnista-de-la-mediu-circ-in-parlament-dupa-dezastrul-din-prahova-si-dambovita-george-simion-nu-aveti-ce-cauta-pe-scaunul-de-ministru","status":"publish","type":"post","link":"https:\/\/247stiri.ro\/index.php\/2025\/12\/08\/habarnista-de-la-mediu-circ-in-parlament-dupa-dezastrul-din-prahova-si-dambovita-george-simion-nu-aveti-ce-cauta-pe-scaunul-de-ministru\/","title":{"rendered":"Habarnista de la Mediu, circ \u00een Parlament dup\u0103 dezastrul din Prahova \u0219i D\u00e2mbovi\u021ba. George Simion: \u201dNu ave\u021bi ce c\u0103uta pe scaunul de ministru\u201d"},"content":{"rendered":"<p>\u201d\u00cen timp ce, \u00eens\u0103, anumi\u021bi oameni munceau pentru a putea s\u0103 fie dat\u0103 ap\u0103 \u00een aceste localit\u0103\u021bi, al\u021bii nu f\u0103ceau dec\u00e2t s\u0103 propage propagand\u0103. Am v\u0103zut muntele de fake-news-uri cu ocazia incidentului de la Lacul Paltinul.\u00a0<\/p>\n<p>A fost men\u021bionat, chiar aici \u00een aceast\u0103 \u0219edin\u021b\u0103, c\u0103 eu a\u0219 fi semnat ordinul s\u0103 \u00eenceap\u0103 lucr\u0103rile de la Paltinul \u0219i c\u0103 mi s-ar fi atras aten\u021bia c\u0103 nu se pot face aceste lucr\u0103ri. Fals! O minciun\u0103 de 2 lei, fals! Nu exist\u0103 niciun ordin semnat de mine pentru c\u0103 pur \u0219i simplu nu exist\u0103 aceast\u0103 atribu\u021bie la Ministerul Mediului pentru astfel de lucr\u0103ri.\u00a0<\/p>\n<p>Ave\u021bi men\u021bionat, de asemenea, c\u0103 s-a \u00eenceput o campanie na\u021bional\u0103 de d\u0103r\u00e2mare a barajelor din Rom\u00e2nia. Fals! Nu exist\u0103 nici m\u0103car o singur\u0103 campanie la nivel na\u021bional sau la nivel european de d\u0103r\u00e2mare a barajelor.\u00a0<\/p>\n<p>Dar \u00eentrebarea este simpl\u0103, cui i-au fost beneficie toate aceste fake-news-uri? Cine a profitat de pe faptul c\u0103 au creat o isterie na\u021bional\u0103 \u0219i o panic\u0103 na\u021bional\u0103 prin informa\u021bii false care au fost date \u00een ultima s\u0103pt\u0103m\u00e2n\u0103? Asta vor spune cu siguran\u021b\u0103 autorit\u0103\u021bile pentru c\u0103 cu toate vor fi sesizate\u201d, a declarat Diana Buzoianu \u00een plenul Parlamentului.\u00a0<\/p>\n<p>La scurt timp, pre\u0219edintele AUR, <a href=\"https:\/\/www.realitatea.net\/stiri\/actual\/george-simion-fara-incompetenti-in-functii-publice-ministrul-mediului-diana-buzoianu-si-isi-bate-joc-de-romania_6936f6752385603e461d32b2\" target=\"_blank\">George Simion, <\/a>i-a dat replica Dianei Buzoiuanu \u0219i a acuzat-o de incompeten\u021b\u0103.\u00a0<\/p>\n<p>\u201dDoamna ministru, dumneavoastr\u0103 nu ave\u021bi ce c\u0103uta \u00een scaunul acesta de ministru. Aceea\u0219i doamn\u0103 ministru de 32 de ani, pe care o acuz de incompeten\u021b\u0103, a f\u0103cut o postare c\u0103 pe filiera AUR vin iar fake-news-uri, \u201dnu exist\u0103 nicio lege adoptat\u0103, niciun ordin adoptat pe subiectul demol\u0103rii de baraje\u201d. Doamna ministru, Ordinul 1743 din 23 iunie anul acesta, controla\u021bi!\u201d, a spus liderul suveranist.\u00a0<\/p>","protected":false},"excerpt":{"rendered":"<p>\u201d\u00cen timp ce, \u00eens\u0103, anumi\u021bi oameni munceau pentru a putea s\u0103 fie dat\u0103 ap\u0103 \u00een&hellip;<\/p>\n","protected":false},"author":0,"featured_media":50578,"comment_status":"open","ping_status":"open","sticky":false,"template":"","format":"standard","meta":{"footnotes":""},"categories":[2],"tags":[],"class_list":["post-50577","post","type-post","status-publish","format-standard","has-post-thumbnail","hentry","category-actual"],"_links":{"self":[{"href":"https:\/\/247stiri.ro\/index.php\/wp-json\/wp\/v2\/posts\/50577","targetHints":{"allow":["GET"]}}],"collection":[{"href":"https:\/\/247stiri.ro\/index.php\/wp-json\/wp\/v2\/posts"}],"about":[{"href":"https:\/\/247stiri.ro\/index.php\/wp-json\/wp\/v2\/types\/post"}],"replies":[{"embeddable":true,"href":"https:\/\/247stiri.ro\/index.php\/wp-json\/wp\/v2\/comments?post=50577"}],"version-history":[{"count":0,"href":"https:\/\/247stiri.ro\/index.php\/wp-json\/wp\/v2\/posts\/50577\/revisions"}],"wp:featuredmedia":[{"embeddable":true,"href":"https:\/\/247stiri.ro\/index.php\/wp-json\/wp\/v2\/media\/50578"}],"wp:attachment":[{"href":"https:\/\/247stiri.ro\/index.php\/wp-json\/wp\/v2\/media?parent=50577"}],"wp:term":[{"taxonomy":"category","embeddable":true,"href":"https:\/\/247stiri.ro\/index.php\/wp-json\/wp\/v2\/categories?post=50577"},{"taxonomy":"post_tag","embeddable":true,"href":"https:\/\/247stiri.ro\/index.php\/wp-json\/wp\/v2\/tags?post=50577"}],"curies":[{"name":"wp","href":"https:\/\/api.w.org\/{rel}","templated":true}]}}