{"id":50579,"date":"2025-12-08T16:45:08","date_gmt":"2025-12-08T16:45:08","guid":{"rendered":"https:\/\/247stiri.ro\/index.php\/2025\/12\/08\/george-simion-fara-incompetenti-in-functii-publice-ministrul-mediului-diana-buzoianu-isi-bate-joc-de-romania\/"},"modified":"2025-12-08T16:45:08","modified_gmt":"2025-12-08T16:45:08","slug":"george-simion-fara-incompetenti-in-functii-publice-ministrul-mediului-diana-buzoianu-isi-bate-joc-de-romania","status":"publish","type":"post","link":"https:\/\/247stiri.ro\/index.php\/2025\/12\/08\/george-simion-fara-incompetenti-in-functii-publice-ministrul-mediului-diana-buzoianu-isi-bate-joc-de-romania\/","title":{"rendered":"George Simion: \u201eF\u0103r\u0103 incompeten\u021bi \u00een func\u021bii publice! Ministrul Mediului Diana Buzoianu \u00ee\u0219i bate joc de Rom\u00e2nia\u201d"},"content":{"rendered":"<p>Liderul AUR subliniaz\u0103 c\u0103 realitatea a infirmat declara\u021biile ministrului: \u201eS-a dovedit c\u0103 nu r\u0103sp\u00e2ndeam niciun fake news, s-a dovedit c\u0103 spuneam adev\u0103rul\u201d. \u00cen plus, spune Simion, tentativa ministrului de a muta responsabilitatea pe seama AUR este una lipsit\u0103 de fundament: \u201eAcum trei zile, aceea\u0219i doamn\u0103 ministru de 32 de ani, pe care o acuz de incompeten\u021b\u0103, a f\u0103cut o postare c\u0103 pe filiera AUR vin iar ni\u0219te fake news-uri. Nu exist\u0103 nicio lege adoptat\u0103, niciun ordin adoptat pe subiectul demol\u0103rii de baraje. Doamna Ministru, ordinul 1743 din 23 iunie anul acesta, controla\u021bi-l\u201d.<\/p>\n<p>Simion o acuz\u0103 pe Diana Buzoianu c\u0103 ascunde adev\u0103rul \u0219i trateaz\u0103 cu superficialitate un subiect care afecteaz\u0103 comunit\u0103\u021bi \u00eentregi: \u201eDe asta v\u0103 zic c\u0103 sunte\u021bi incompeten\u021bi \u0219i nu v\u00e2rsta e problema, ci ordinele, legile \u0219i modalitatea \u00een care voi spune\u021bi popula\u021biei c\u0103 totul e bine. P\u0103i dac\u0103 dup\u0103 ce a\u021bi r\u0103sp\u00e2ndit aceste minciuni mai veni\u021bi \u0219i spune\u021bi c\u0103 nu e nicio problem\u0103 cu aceste baraje, voi v\u0103 a\u0219tepta\u021bi ca rom\u00e2nii s\u0103 cread\u0103 dup\u0103 ce v\u0103 ar\u0103t\u0103m clar, negru pe alb ordinele, v\u0103 ar\u0103t\u0103m dovezile \u0219i oamenii sufer\u0103\u201d.<\/p>\n<p>\u201dDoamna ministru, dumneavoastr\u0103 nu ave\u021bi ce c\u0103uta \u00een scaunul acesta de ministru. De vin\u0103 nu sunt extremi\u0219tii, nu sunt ru\u0219ii, a\u0219a cum a\u021bi \u00eencercat dumneavoastr\u0103 s\u0103 induce\u021bi mai devreme, ci propria dumneavoastr\u0103 incompeten\u021b\u0103. N-ave\u021bi ce c\u0103uta acolo \u0219i mul\u021bi dintre dumneavoastr\u0103 \u00eemi da\u021bi dreptate\u201d, a concluzionat George Simion.<\/p>","protected":false},"excerpt":{"rendered":"<p>Liderul AUR subliniaz\u0103 c\u0103 realitatea a infirmat declara\u021biile ministrului: \u201eS-a dovedit c\u0103 nu r\u0103sp\u00e2ndeam niciun&hellip;<\/p>\n","protected":false},"author":0,"featured_media":50573,"comment_status":"open","ping_status":"open","sticky":false,"template":"","format":"standard","meta":{"footnotes":""},"categories":[2],"tags":[],"class_list":["post-50579","post","type-post","status-publish","format-standard","has-post-thumbnail","hentry","category-actual"],"_links":{"self":[{"href":"https:\/\/247stiri.ro\/index.php\/wp-json\/wp\/v2\/posts\/50579","targetHints":{"allow":["GET"]}}],"collection":[{"href":"https:\/\/247stiri.ro\/index.php\/wp-json\/wp\/v2\/posts"}],"about":[{"href":"https:\/\/247stiri.ro\/index.php\/wp-json\/wp\/v2\/types\/post"}],"replies":[{"embeddable":true,"href":"https:\/\/247stiri.ro\/index.php\/wp-json\/wp\/v2\/comments?post=50579"}],"version-history":[{"count":0,"href":"https:\/\/247stiri.ro\/index.php\/wp-json\/wp\/v2\/posts\/50579\/revisions"}],"wp:featuredmedia":[{"embeddable":true,"href":"https:\/\/247stiri.ro\/index.php\/wp-json\/wp\/v2\/media\/50573"}],"wp:attachment":[{"href":"https:\/\/247stiri.ro\/index.php\/wp-json\/wp\/v2\/media?parent=50579"}],"wp:term":[{"taxonomy":"category","embeddable":true,"href":"https:\/\/247stiri.ro\/index.php\/wp-json\/wp\/v2\/categories?post=50579"},{"taxonomy":"post_tag","embeddable":true,"href":"https:\/\/247stiri.ro\/index.php\/wp-json\/wp\/v2\/tags?post=50579"}],"curies":[{"name":"wp","href":"https:\/\/api.w.org\/{rel}","templated":true}]}}