{"id":50580,"date":"2025-12-08T16:45:08","date_gmt":"2025-12-08T16:45:08","guid":{"rendered":"https:\/\/247stiri.ro\/index.php\/2025\/12\/08\/crima-la-o-stana-din-caras-severin-un-cioban-de-64-de-ani-ucis-in-urma-unui-conflict-izbucnit-intre-colegi\/"},"modified":"2025-12-08T16:45:08","modified_gmt":"2025-12-08T16:45:08","slug":"crima-la-o-stana-din-caras-severin-un-cioban-de-64-de-ani-ucis-in-urma-unui-conflict-izbucnit-intre-colegi","status":"publish","type":"post","link":"https:\/\/247stiri.ro\/index.php\/2025\/12\/08\/crima-la-o-stana-din-caras-severin-un-cioban-de-64-de-ani-ucis-in-urma-unui-conflict-izbucnit-intre-colegi\/","title":{"rendered":"Crim\u0103 la o st\u00e2n\u0103 din Cara\u0219-Severin: un cioban de 64 de ani, ucis \u00een urma unui conflict izbucnit \u00eentre colegi"},"content":{"rendered":"<p>De ce a fost ucis ciobanul?<\/p>\n<p><a href=\"https:\/\/www.realitatea.net\/stiri\/actual\/cioban-gasit-mort-langa-o-ferma-din-constanta-principalul-suspect-a-fost-prins-intrun-microbuz-cu-un-cutit-asupra-lui_69276bb700e430317e0b32d2\" target=\"_blank\">Descoperirea macabr\u0103<\/a> a fost f\u0103cut\u0103 chiar de proprietarul st\u00e2nei, care venise s\u0103 verifice animalele. Acesta a g\u0103sit trupul ne\u00eensufle\u021bit al b\u0103rbatului \u0219i a alertat imediat autorit\u0103\u021bile. La fa\u021ba locului au intervenit poli\u021bi\u0219tii din O\u021belu Ro\u0219u \u0219i un echipaj medical, \u00eens\u0103 medicii nu au mai putut dec\u00e2t s\u0103 confirme decesul.<\/p>\n<p>Primele concluzii ale anchetei arat\u0103 c\u0103 \u00eentre victim\u0103 \u0219i un coleg de 38 de ani ar fi izbucnit, cu o sear\u0103 \u00eenainte, un conflict la st\u00e2na din zona \u201eS\u0103li\u0219tea din Vale\u201d. Certurile au degenerat rapid, iar disputa verbal\u0103 s-a transformat \u00een b\u0103taie. \u00cen timpul agresiunii, t\u00e2n\u0103rul l-ar fi lovit pe b\u0103rbat \u00een zona capului, provoc\u00e2ndu-i c\u0103derea \u0219i, cel mai probabil, moartea.<\/p>\n<p><a href=\"https:\/\/www.realitatea.net\/stiri\/actual\/turist-salvat-in-ultima-clipa-din-muntii-fagaras-a-fost-gasit-intrun-bordei-al-unor-ciobani-cu-hipotermie-si-contuzii-video_690254abdf2af468bd041e12\" target=\"_blank\">Potrivit poli\u021bi\u0219tilor,<\/a> agresorul ar fi p\u0103r\u0103sit locul imediat dup\u0103 incident, f\u0103r\u0103 s\u0103 cear\u0103 ajutor. \u00cen scurt timp, \u00eens\u0103, oamenii legii l-au identificat \u0219i l-au re\u021binut.<\/p>\n<p>\u201ePersoana suspectat\u0103 de comiterea faptei a fost depistat\u0103 \u0219i se afl\u0103 \u00een custodia poli\u021biei. Cercet\u0103rile sunt coordonate de procurorii Parchetului de pe l\u00e2ng\u0103 Tribunalul Cara\u0219-Severin, pentru clarificarea \u00eemprejur\u0103rilor exacte ale evenimentului\u201d, au transmis reprezentan\u021bii IPJ Cara\u0219-Severin.<\/p>\n<p>Ancheta continu\u0103, autorit\u0103\u021bile \u00eencerc\u00e2nd s\u0103 stabileasc\u0103 toate detaliile care au dus la crim\u0103.<\/p>","protected":false},"excerpt":{"rendered":"<p>De ce a fost ucis ciobanul? Descoperirea macabr\u0103 a fost f\u0103cut\u0103 chiar de proprietarul st\u00e2nei,&hellip;<\/p>\n","protected":false},"author":0,"featured_media":50581,"comment_status":"open","ping_status":"open","sticky":false,"template":"","format":"standard","meta":{"footnotes":""},"categories":[2],"tags":[],"class_list":["post-50580","post","type-post","status-publish","format-standard","has-post-thumbnail","hentry","category-actual"],"_links":{"self":[{"href":"https:\/\/247stiri.ro\/index.php\/wp-json\/wp\/v2\/posts\/50580","targetHints":{"allow":["GET"]}}],"collection":[{"href":"https:\/\/247stiri.ro\/index.php\/wp-json\/wp\/v2\/posts"}],"about":[{"href":"https:\/\/247stiri.ro\/index.php\/wp-json\/wp\/v2\/types\/post"}],"replies":[{"embeddable":true,"href":"https:\/\/247stiri.ro\/index.php\/wp-json\/wp\/v2\/comments?post=50580"}],"version-history":[{"count":0,"href":"https:\/\/247stiri.ro\/index.php\/wp-json\/wp\/v2\/posts\/50580\/revisions"}],"wp:featuredmedia":[{"embeddable":true,"href":"https:\/\/247stiri.ro\/index.php\/wp-json\/wp\/v2\/media\/50581"}],"wp:attachment":[{"href":"https:\/\/247stiri.ro\/index.php\/wp-json\/wp\/v2\/media?parent=50580"}],"wp:term":[{"taxonomy":"category","embeddable":true,"href":"https:\/\/247stiri.ro\/index.php\/wp-json\/wp\/v2\/categories?post=50580"},{"taxonomy":"post_tag","embeddable":true,"href":"https:\/\/247stiri.ro\/index.php\/wp-json\/wp\/v2\/tags?post=50580"}],"curies":[{"name":"wp","href":"https:\/\/api.w.org\/{rel}","templated":true}]}}