{"id":50625,"date":"2025-12-08T20:45:41","date_gmt":"2025-12-08T20:45:41","guid":{"rendered":"https:\/\/247stiri.ro\/index.php\/2025\/12\/08\/opt-elevi-acuza-ca-au-fost-batuti-si-umiliti-de-trei-politisti-chiar-in-scoala\/"},"modified":"2025-12-08T20:45:41","modified_gmt":"2025-12-08T20:45:41","slug":"opt-elevi-acuza-ca-au-fost-batuti-si-umiliti-de-trei-politisti-chiar-in-scoala","status":"publish","type":"post","link":"https:\/\/247stiri.ro\/index.php\/2025\/12\/08\/opt-elevi-acuza-ca-au-fost-batuti-si-umiliti-de-trei-politisti-chiar-in-scoala\/","title":{"rendered":"Opt elevi acuz\u0103 c\u0103 au fost b\u0103tu\u021bi \u0219i umili\u021bi de trei poli\u021bi\u0219ti chiar \u00een \u0219coal\u0103"},"content":{"rendered":"<p>P\u0103rin\u021bii copiilor au depus pl\u00e2ngeri \u0219i cer autorit\u0103\u021bilor s\u0103 explice cum a fost posibil ca minorii s\u0103 fie interoga\u021bi f\u0103r\u0103 supravegherea unui adult.<\/p>\n<p>Interogatoriu cu u\u0219a \u00eenchis\u0103<\/p>\n<p>Potrivit p\u0103rin\u021bilor, elevii \u2013 cu v\u00e2rste \u00eentre 13 \u0219i 15 ani \u2013 au fost lua\u021bi pe r\u00e2nd \u0219i du\u0219i \u00eentr-o sal\u0103 de clas\u0103 f\u0103r\u0103 camere de supraveghere. Acolo, spun ei, agen\u021bii ar fi folosit violen\u021ba pentru a ob\u021bine m\u0103rturii \u00eentr-un caz minor: o suspiciune de furt din cutia milei a bisericii din localitate.<\/p>\n<p>Unul dintre p\u0103rin\u021bi poveste\u0219te c\u0103 fiul s\u0103u ar fi fost supus unor agresiuni fizice repetate.<\/p>\n<p>\u201eUn poli\u021bist l-a separat de ceilal\u021bi \u0219i l-a dus \u00eentr-o \u00eenc\u0103pere unde nu era niciun adult prezent. L-a p\u0103lmuit, l-a tras de p\u0103r, l-a lovit \u00een abdomen. L-au \u021binut acolo ore \u00eentregi, iar c\u00e2nd a \u00eencercat s\u0103 plece, l-a mai b\u0103tut \u00eenc\u0103 o dat\u0103\u201d, a relatat tat\u0103l unui elev, conform declara\u021biilor oferite presei locale.<\/p>\n<p>\u00cen total, copiii ar fi fost audia\u021bi timp de aproape patru ore, fiecare fiind <a href=\"https:\/\/www.realitatea.net\/stiri\/sport\/o-luptatoare-de-mma-a-batut-doi-politisti-intrun-conflict-pe-aeroport-oamenii-legii-au-ajuns-la-spital_6929afc8448e9a12d23e82f7\" target=\"_blank\">luat pe r\u00e2nd pentru \u00eentreb\u0103ri.<\/a><\/p>\n<p>Poli\u021bi\u0219tii neag\u0103 acuza\u021biile, dar sunt ancheta\u021bi<\/p>\n<p>De\u0219i cei trei agen\u021bi implica\u021bi resping orice acuza\u021bie de violen\u021b\u0103, procurorii au deschis un dosar penal ce include suspiciuni de purtare abuziv\u0103 \u0219i alte acte de violen\u021b\u0103. Cercet\u0103rile sunt \u00een desf\u0103\u0219urare.<\/p>\n<p>Conform p\u0103rin\u021bilor, tensiunile au ap\u0103rut dup\u0103 ce elevii nu ar fi recunoscut furtul invocat, moment \u00een care poli\u021bi\u0219tii ar fi recurs la intimidare \u0219i for\u021b\u0103.<\/p>\n<p>Directorul \u0219colii: \u201eAm fost scos din sal\u0103 de mai multe ori\u201d<\/p>\n<p>Situa\u021bia ridic\u0103 \u0219i semne de \u00eentrebare legate de modul \u00een care a decurs interven\u021bia poli\u021biei \u00een \u0219coal\u0103. Directorul unit\u0103\u021bii afirm\u0103 c\u0103 nu i s-a permis s\u0103 asiste la discu\u021biile dintre agen\u021bi \u0219i elevi.<\/p>\n<p>\u201eMi s-a comunicat c\u0103 vor doar un dialog formal cu copiii. Am dorit s\u0103 fiu prezent, deoarece p\u0103rin\u021bii nu apucaser\u0103 s\u0103 fie anun\u021ba\u021bi. De fiecare dat\u0103 c\u00e2nd am intrat \u00een sala de clas\u0103, am fost rugat s\u0103 ies. Mi-au spus c\u0103 nu este necesar\u0103 prezen\u021ba unui adult, pentru c\u0103 nu ar fi vorba de un interogatoriu\u201d, a declarat Ionu\u021b Filip, directorul \u0219colii gimnaziale din Apoldu de Jos.<\/p>\n<p>Evenimentul a provocat reac\u021bii puternice \u00een comunitate, mai ales pentru c\u0103 elevii ar fi fost \u021binu\u021bi ore \u00een \u0219ir f\u0103r\u0103 reprezentan\u021bi ai familiei sau ai \u0219colii. P\u0103rin\u021bii cer sanc\u021bionarea agen\u021bilor \u0219i implementarea unui protocol clar pentru discu\u021biile cu minorii.<\/p>\n<p><a href=\"https:\/\/www.realitatea.net\/stiri\/justitie\/patru-politisti-de-la-inmatriculari-retinuti-pentru-o-schema-de-mituire-repetata_6925f15dfa0a7b1a0d7bb2a9\" target=\"_blank\">Ancheta continu\u0103<\/a>, iar autorit\u0103\u021bile trebuie s\u0103 stabileasc\u0103 at\u00e2t vinov\u0103\u021bia poli\u021bi\u0219tilor, c\u00e2t \u0219i dac\u0103 procedurile legale privind interac\u021biunea cu minori au fost \u00eenc\u0103lcate.<\/p>\n<p>\u00a0<\/p>\n<p class=\"pf0\">\u00a0<\/p>","protected":false},"excerpt":{"rendered":"<p>P\u0103rin\u021bii copiilor au depus pl\u00e2ngeri \u0219i cer autorit\u0103\u021bilor s\u0103 explice cum a fost posibil ca&hellip;<\/p>\n","protected":false},"author":0,"featured_media":50626,"comment_status":"open","ping_status":"open","sticky":false,"template":"","format":"standard","meta":{"footnotes":""},"categories":[2],"tags":[],"class_list":["post-50625","post","type-post","status-publish","format-standard","has-post-thumbnail","hentry","category-actual"],"_links":{"self":[{"href":"https:\/\/247stiri.ro\/index.php\/wp-json\/wp\/v2\/posts\/50625","targetHints":{"allow":["GET"]}}],"collection":[{"href":"https:\/\/247stiri.ro\/index.php\/wp-json\/wp\/v2\/posts"}],"about":[{"href":"https:\/\/247stiri.ro\/index.php\/wp-json\/wp\/v2\/types\/post"}],"replies":[{"embeddable":true,"href":"https:\/\/247stiri.ro\/index.php\/wp-json\/wp\/v2\/comments?post=50625"}],"version-history":[{"count":0,"href":"https:\/\/247stiri.ro\/index.php\/wp-json\/wp\/v2\/posts\/50625\/revisions"}],"wp:featuredmedia":[{"embeddable":true,"href":"https:\/\/247stiri.ro\/index.php\/wp-json\/wp\/v2\/media\/50626"}],"wp:attachment":[{"href":"https:\/\/247stiri.ro\/index.php\/wp-json\/wp\/v2\/media?parent=50625"}],"wp:term":[{"taxonomy":"category","embeddable":true,"href":"https:\/\/247stiri.ro\/index.php\/wp-json\/wp\/v2\/categories?post=50625"},{"taxonomy":"post_tag","embeddable":true,"href":"https:\/\/247stiri.ro\/index.php\/wp-json\/wp\/v2\/tags?post=50625"}],"curies":[{"name":"wp","href":"https:\/\/api.w.org\/{rel}","templated":true}]}}