{"id":50653,"date":"2025-12-09T05:44:47","date_gmt":"2025-12-09T05:44:47","guid":{"rendered":"https:\/\/247stiri.ro\/index.php\/2025\/12\/09\/anca-alexandrescu-continua-lupta-suveranistilor-jurnalista-revine-astazi-la-culisele-statului-paralel\/"},"modified":"2025-12-09T05:44:47","modified_gmt":"2025-12-09T05:44:47","slug":"anca-alexandrescu-continua-lupta-suveranistilor-jurnalista-revine-astazi-la-culisele-statului-paralel","status":"publish","type":"post","link":"https:\/\/247stiri.ro\/index.php\/2025\/12\/09\/anca-alexandrescu-continua-lupta-suveranistilor-jurnalista-revine-astazi-la-culisele-statului-paralel\/","title":{"rendered":"Anca Alexandrescu continu\u0103 lupta suverani\u0219tilor. Jurnalista revine ast\u0103zi la &#8222;Culisele Statului Paralel&#8221;"},"content":{"rendered":"<p>&#8222;Redevin moderatorul TV Anca Alexandrescu pentru c\u0103 trebuie s\u0103 fac ceea ce am promis\u00a0celor cu miile de bucure\u0219teni cu care m-am \u00eent\u00e2lnit \u00een aceste s\u0103pt\u0103m\u00e2ni \u00een strad\u0103,\u00a0dar \u0219i celor care din afara Bucure\u0219tiului m-au sus\u021binut moral\u00a0\u0219i s-au rugat pentru mine \u0219i pentru victoria suverani\u0219tilor, \u00een a\u0219a fel \u00eenc\u00e2t s\u0103 ne lu\u0103m Bucure\u0219ti \u00eenapoi, \u0219i apoi \u021bara \u00eenapoi.<\/p>\n<p>\u00a0Am obliga\u021bia s\u0103 m\u0103 \u00eentorc \u0219i s\u0103 fac ceea ce am promis, pentru c\u0103 doar a\u0219a putem s\u0103 ob\u021binem aceste lucruri. Este un moment extrem de important s\u0103 \u021binem suverani\u0219tii uni\u021bi, nu dezbina\u021bi, a\u0219a cum s-a \u00eencercat \u00een aceast\u0103 campanie electoral\u0103.<\/p>\n<p>Treaba mea este s\u0103-i \u021bin uni\u021bi pe suverani\u0219ti\u00a0\u0219i s\u0103 duc mai departe ceea ce rom\u00e2nii m-au rugat s\u0103 fac. \u0218i voi merge \u00een strad\u0103 pentru c\u0103 voi schimba o parte din emisiune: o voi dedica rom\u00e2nilor \u0219i voi merge \u00een strad\u0103 at\u00e2t \u00een Bucure\u0219ti, acolo unde m-am \u00eent\u00e2lnit cu rom\u00e2nii, \u0219i \u00een alte locuri,\u00a0c\u00e2t \u0219i \u00een \u021bar\u0103.<\/p>\n<p>Este doar \u00eenceputul unui drum\u00a0la cap\u0103tul c\u0103ruia vom fi \u00eenving\u0103tori noi, rom\u00e2nii, nu ceilal\u021bi care au \u00eengenunchiat Rom\u00e2nia \u0219i i-au s\u0103r\u0103cit pe rom\u00e2ni&#8221;, a declarat Anca Alexandrescu.<\/p>","protected":false},"excerpt":{"rendered":"<p>&#8222;Redevin moderatorul TV Anca Alexandrescu pentru c\u0103 trebuie s\u0103 fac ceea ce am promis\u00a0celor cu&hellip;<\/p>\n","protected":false},"author":0,"featured_media":50654,"comment_status":"open","ping_status":"open","sticky":false,"template":"","format":"standard","meta":{"footnotes":""},"categories":[3],"tags":[],"class_list":["post-50653","post","type-post","status-publish","format-standard","has-post-thumbnail","hentry","category-politica"],"_links":{"self":[{"href":"https:\/\/247stiri.ro\/index.php\/wp-json\/wp\/v2\/posts\/50653","targetHints":{"allow":["GET"]}}],"collection":[{"href":"https:\/\/247stiri.ro\/index.php\/wp-json\/wp\/v2\/posts"}],"about":[{"href":"https:\/\/247stiri.ro\/index.php\/wp-json\/wp\/v2\/types\/post"}],"replies":[{"embeddable":true,"href":"https:\/\/247stiri.ro\/index.php\/wp-json\/wp\/v2\/comments?post=50653"}],"version-history":[{"count":0,"href":"https:\/\/247stiri.ro\/index.php\/wp-json\/wp\/v2\/posts\/50653\/revisions"}],"wp:featuredmedia":[{"embeddable":true,"href":"https:\/\/247stiri.ro\/index.php\/wp-json\/wp\/v2\/media\/50654"}],"wp:attachment":[{"href":"https:\/\/247stiri.ro\/index.php\/wp-json\/wp\/v2\/media?parent=50653"}],"wp:term":[{"taxonomy":"category","embeddable":true,"href":"https:\/\/247stiri.ro\/index.php\/wp-json\/wp\/v2\/categories?post=50653"},{"taxonomy":"post_tag","embeddable":true,"href":"https:\/\/247stiri.ro\/index.php\/wp-json\/wp\/v2\/tags?post=50653"}],"curies":[{"name":"wp","href":"https:\/\/api.w.org\/{rel}","templated":true}]}}